{"id":1139,"date":"2014-04-11T18:13:04","date_gmt":"2014-04-11T17:13:04","guid":{"rendered":"http:\/\/blog.carpediese.fr\/?p=1139"},"modified":"2014-06-06T14:14:30","modified_gmt":"2014-06-06T13:14:30","slug":"exercer-ses-cordes-vocales","status":"publish","type":"post","link":"https:\/\/blog.carpediese.fr\/?p=1139","title":{"rendered":"Cours de chant: Exercer ses cordes vocales"},"content":{"rendered":"<h1>Les cordes vocales<\/h1>\n<p>Vous en entendez tout le temps parler, mais vous ne savez pas ce qu&rsquo;elles sont ni \u00e0 quoi elles servent. Nous n&rsquo;allons pas ici entrer dans une explication anatomique pouss\u00e9e! Pour faire simple : ce sont deux membranes dans la gorge qui vibrent lorsque l&rsquo;air passe. Lorsqu&rsquo;elles sont d\u00e9tendues elles donnent un son grave, et lorsqu&rsquo;elles sont tendues, donc fines, elles donnent un son aigu. Et lorsqu&rsquo;elles sont fatigu\u00e9es car surmen\u00e9es ou malmen\u00e9es, elles se gonflent et la voix se \u00ab\u00a0casse\u00a0\u00bb.<\/p>\n<p>Cette petite pr\u00e9sentation \u00e9tant faite, Carpe Di\u00e8se vous propose un vid\u00e9o d&rsquo;Aline, professeur de chant, qui nous explique en quelques points comment fonctionnent ces petites membranes, comment les \u00e9chauffer et apprendre \u00e0 les ma\u00eetriser mieux!<\/p>\n<h2>Vid\u00e9o et texte explicatifs<\/h2>\n<p><iframe loading=\"lazy\" src=\"\/\/www.youtube.com\/embed\/XRpbBSK8BQo\" width=\"560\" height=\"315\" frameborder=\"0\" allowfullscreen=\"allowfullscreen\"><\/iframe><\/p>\n<div>\n<div>Les cordes vocales sont un organe tr\u00e8s important dans le chant. Leur r\u00f4le dans le chant est de d\u00e9finir votre timbre, mais surtout la hauteur de vos notes. Tr\u00e8s \u00e9lastiques et pourtant tr\u00e8s fragiles, elles n\u00e9cessitent un bon \u00e9chauffement avoir de vous montrer toutes les prouesses dont elles sont capables.<\/div>\n<div><\/div>\n<div>Plus vos notes seront aigu\u00ebs, et plus les cordes devront \u00eatres fines. A contrario, pour ex\u00e9cuter des notes basses, il faudra les d\u00e9tendre pour obtenir des cordes plus \u00e9paisses.<\/div>\n<div>L&rsquo;exercice doux de la sir\u00e8ne est id\u00e9al. Observez vous m\u00eame comment votre instrument se comporte, et vous tirerez d\u00e9j\u00e0 certaines conclusion qui vous permettront en toute autonomie de franchir quelques obstacles !<\/div>\n<div><\/div>\n<div>Alan Wright du site <a title=\"Le Chanteur Moderne \/ techniques vocales pour la nouvelle g\u00e9n\u00e9ration\" href=\"http:\/\/www.chanteurmoderne.com\/\" target=\"_blank\">Le Chanteur Moderne<\/a>, propose une description de l&rsquo;anatomie de la r\u00e9gion des cordes vocales, qui est tr\u00e8s pr\u00e9cises et illustr\u00e9e :<\/div>\n<div><\/div>\n<p><iframe loading=\"lazy\" src=\"\/\/www.youtube.com\/embed\/f-tOBE6SSaE\" width=\"560\" height=\"315\" frameborder=\"0\" allowfullscreen=\"allowfullscreen\"><\/iframe><\/p>\n<p>&nbsp;<\/p>\n<\/div>\n<h2>Besoin d&rsquo;aide?<\/h2>\n<p>Retrouvez <a title=\"Apprendre \u00e0 chanter - Blog Carpe Di\u00e8se\" href=\"http:\/\/blog.carpediese.fr\/?cat=9\">tous les articles sur le chant<\/a> du blog Carpe Di\u00e8se.<\/p>\n<p>Malgr\u00e9 ces pr\u00e9cisions, vous ne comprenez pas comment fonctionnent vos cordes vocales : d&rsquo;ailleurs, monter dans les aigus est un vrai supplice -pour vous et pour votre auditoire. <a title=\"Cours de musique par webcam sur Carpe Di\u00e8se\" href=\"https:\/\/carpediese.fr\/\" target=\"_blank\">R\u00e9servez un cours d&rsquo;essai<\/a> sur Carpe Di\u00e8se, nos professeurs ont du talent et sauront d\u00e9bloquer cette situation!<\/p>\n<p>&nbsp;<\/p>\n<p><a title=\"Cours de musique par webcam sur Carpe Di\u00e8se\" href=\"https:\/\/carpediese.fr\/\" target=\"_blank\"><img loading=\"lazy\" decoding=\"async\" class=\"size-full wp-image-1008 aligncenter\" src=\"https:\/\/blog.carpediese.fr\/wp-content\/uploads\/2023\/12\/banner-bottom-post.png\" style=\"margin-top:12px;\" alt=\"D\u00e9couvrez CarpeDiese.fr\" width=\"468\" height=\"70\" \/><\/a><\/p>\n","protected":false},"excerpt":{"rendered":"<p>Les cordes vocales Vous en entendez tout le temps parler, mais vous ne savez pas ce qu&rsquo;elles sont ni \u00e0 quoi elles servent. Nous n&rsquo;allons pas ici entrer dans une explication anatomique pouss\u00e9e! Pour faire simple : ce sont deux membranes dans la gorge qui vibrent lorsque l&rsquo;air passe. Lorsqu&rsquo;elles sont d\u00e9tendues elles donnent un son grave, et lorsqu&rsquo;elles sont tendues, donc fines, elles donnent un son aigu. Et lorsqu&rsquo;elles sont fatigu\u00e9es car surmen\u00e9es ou malmen\u00e9es, elles se gonflent et la voix se \u00ab\u00a0casse\u00a0\u00bb. Cette petite pr\u00e9sentation \u00e9tant faite, Carpe Di\u00e8se vous propose un vid\u00e9o d&rsquo;Aline, professeur de chant, qui nous explique en quelques points comment fonctionnent ces petites membranes, comment les \u00e9chauffer et apprendre \u00e0 les ma\u00eetriser mieux! Vid\u00e9o et texte explicatifs Les cordes vocales sont un organe tr\u00e8s important dans le chant. Leur r\u00f4le dans le chant est de d\u00e9finir votre timbre, mais surtout la hauteur de vos notes. Tr\u00e8s \u00e9lastiques et pourtant tr\u00e8s fragiles, elles n\u00e9cessitent un bon \u00e9chauffement avoir de vous montrer toutes les prouesses dont&#8230;<\/p>\n","protected":false},"author":1,"featured_media":1140,"comment_status":"open","ping_status":"open","sticky":false,"template":"","format":"standard","meta":{"footnotes":""},"categories":[14],"tags":[],"class_list":["post-1139","post","type-post","status-publish","format-standard","has-post-thumbnail","hentry","category-cours-chant-debutant"],"yoast_head":"<!-- This site is optimized with the Yoast SEO plugin v24.8.1 - https:\/\/yoast.com\/wordpress\/plugins\/seo\/ -->\n<title>Cours de chant: Exercer ses cordes vocales - Blog Carpe Di\u00e8se<\/title>\n<meta name=\"description\" content=\"Vous apprenez le chant par vous-m\u00eame? D\u00e9couvrez les vid\u00e9os et explications pour bien exercer vos cordes vocales\" \/>\n<meta name=\"robots\" content=\"index, follow, max-snippet:-1, max-image-preview:large, max-video-preview:-1\" \/>\n<link rel=\"canonical\" href=\"https:\/\/blog.carpediese.fr\/?p=1139\" \/>\n<meta property=\"og:locale\" content=\"fr_FR\" \/>\n<meta property=\"og:type\" content=\"article\" \/>\n<meta property=\"og:title\" content=\"Cours de chant: Exercer ses cordes vocales - Blog Carpe Di\u00e8se\" \/>\n<meta property=\"og:description\" content=\"Vous apprenez le chant par vous-m\u00eame? D\u00e9couvrez les vid\u00e9os et explications pour bien exercer vos cordes vocales\" \/>\n<meta property=\"og:url\" content=\"https:\/\/blog.carpediese.fr\/?p=1139\" \/>\n<meta property=\"og:site_name\" content=\"Carpe Di\u00e8se\" \/>\n<meta property=\"article:published_time\" content=\"2014-04-11T17:13:04+00:00\" \/>\n<meta property=\"article:modified_time\" content=\"2014-06-06T13:14:30+00:00\" \/>\n<meta property=\"og:image\" content=\"https:\/\/blog.carpediese.fr\/wp-content\/uploads\/2014\/04\/cordes-vocales.jpg\" \/>\n\t<meta property=\"og:image:width\" content=\"1280\" \/>\n\t<meta property=\"og:image:height\" content=\"720\" \/>\n\t<meta property=\"og:image:type\" content=\"image\/jpeg\" \/>\n<meta name=\"author\" content=\"carpediese\" \/>\n<meta name=\"twitter:label1\" content=\"\u00c9crit par\" \/>\n\t<meta name=\"twitter:data1\" content=\"carpediese\" \/>\n\t<meta name=\"twitter:label2\" content=\"Dur\u00e9e de lecture estim\u00e9e\" \/>\n\t<meta name=\"twitter:data2\" content=\"2 minutes\" \/>\n<script type=\"application\/ld+json\" class=\"yoast-schema-graph\">{\"@context\":\"https:\/\/schema.org\",\"@graph\":[{\"@type\":\"WebPage\",\"@id\":\"https:\/\/blog.carpediese.fr\/?p=1139\",\"url\":\"https:\/\/blog.carpediese.fr\/?p=1139\",\"name\":\"Cours de chant: Exercer ses cordes vocales - Blog Carpe Di\u00e8se\",\"isPartOf\":{\"@id\":\"https:\/\/blog.carpediese.fr\/#website\"},\"primaryImageOfPage\":{\"@id\":\"https:\/\/blog.carpediese.fr\/?p=1139#primaryimage\"},\"image\":{\"@id\":\"https:\/\/blog.carpediese.fr\/?p=1139#primaryimage\"},\"thumbnailUrl\":\"https:\/\/blog.carpediese.fr\/wp-content\/uploads\/2014\/04\/cordes-vocales.jpg\",\"datePublished\":\"2014-04-11T17:13:04+00:00\",\"dateModified\":\"2014-06-06T13:14:30+00:00\",\"author\":{\"@id\":\"https:\/\/blog.carpediese.fr\/#\/schema\/person\/b82adb6ace805a7222f76771fb96fa22\"},\"description\":\"Vous apprenez le chant par vous-m\u00eame? D\u00e9couvrez les vid\u00e9os et explications pour bien exercer vos cordes vocales\",\"inLanguage\":\"fr-FR\",\"potentialAction\":[{\"@type\":\"ReadAction\",\"target\":[\"https:\/\/blog.carpediese.fr\/?p=1139\"]}]},{\"@type\":\"ImageObject\",\"inLanguage\":\"fr-FR\",\"@id\":\"https:\/\/blog.carpediese.fr\/?p=1139#primaryimage\",\"url\":\"https:\/\/blog.carpediese.fr\/wp-content\/uploads\/2014\/04\/cordes-vocales.jpg\",\"contentUrl\":\"https:\/\/blog.carpediese.fr\/wp-content\/uploads\/2014\/04\/cordes-vocales.jpg\",\"width\":1280,\"height\":720},{\"@type\":\"WebSite\",\"@id\":\"https:\/\/blog.carpediese.fr\/#website\",\"url\":\"https:\/\/blog.carpediese.fr\/\",\"name\":\"Carpe Di\u00e8se\",\"description\":\"Le blog de l&#039;\u00e9cole carpediese.fr\",\"potentialAction\":[{\"@type\":\"SearchAction\",\"target\":{\"@type\":\"EntryPoint\",\"urlTemplate\":\"https:\/\/blog.carpediese.fr\/?s={search_term_string}\"},\"query-input\":{\"@type\":\"PropertyValueSpecification\",\"valueRequired\":true,\"valueName\":\"search_term_string\"}}],\"inLanguage\":\"fr-FR\"},{\"@type\":\"Person\",\"@id\":\"https:\/\/blog.carpediese.fr\/#\/schema\/person\/b82adb6ace805a7222f76771fb96fa22\",\"name\":\"carpediese\",\"image\":{\"@type\":\"ImageObject\",\"inLanguage\":\"fr-FR\",\"@id\":\"https:\/\/blog.carpediese.fr\/#\/schema\/person\/image\/\",\"url\":\"https:\/\/secure.gravatar.com\/avatar\/f539abdacac3f33f110652dbdf5bc199?s=96&d=mm&r=g\",\"contentUrl\":\"https:\/\/secure.gravatar.com\/avatar\/f539abdacac3f33f110652dbdf5bc199?s=96&d=mm&r=g\",\"caption\":\"carpediese\"},\"url\":\"https:\/\/blog.carpediese.fr\/?author=1\"}]}<\/script>\n<!-- \/ Yoast SEO plugin. -->","yoast_head_json":{"title":"Cours de chant: Exercer ses cordes vocales - Blog Carpe Di\u00e8se","description":"Vous apprenez le chant par vous-m\u00eame? D\u00e9couvrez les vid\u00e9os et explications pour bien exercer vos cordes vocales","robots":{"index":"index","follow":"follow","max-snippet":"max-snippet:-1","max-image-preview":"max-image-preview:large","max-video-preview":"max-video-preview:-1"},"canonical":"https:\/\/blog.carpediese.fr\/?p=1139","og_locale":"fr_FR","og_type":"article","og_title":"Cours de chant: Exercer ses cordes vocales - Blog Carpe Di\u00e8se","og_description":"Vous apprenez le chant par vous-m\u00eame? D\u00e9couvrez les vid\u00e9os et explications pour bien exercer vos cordes vocales","og_url":"https:\/\/blog.carpediese.fr\/?p=1139","og_site_name":"Carpe Di\u00e8se","article_published_time":"2014-04-11T17:13:04+00:00","article_modified_time":"2014-06-06T13:14:30+00:00","og_image":[{"width":1280,"height":720,"url":"https:\/\/blog.carpediese.fr\/wp-content\/uploads\/2014\/04\/cordes-vocales.jpg","type":"image\/jpeg"}],"author":"carpediese","twitter_misc":{"\u00c9crit par":"carpediese","Dur\u00e9e de lecture estim\u00e9e":"2 minutes"},"schema":{"@context":"https:\/\/schema.org","@graph":[{"@type":"WebPage","@id":"https:\/\/blog.carpediese.fr\/?p=1139","url":"https:\/\/blog.carpediese.fr\/?p=1139","name":"Cours de chant: Exercer ses cordes vocales - Blog Carpe Di\u00e8se","isPartOf":{"@id":"https:\/\/blog.carpediese.fr\/#website"},"primaryImageOfPage":{"@id":"https:\/\/blog.carpediese.fr\/?p=1139#primaryimage"},"image":{"@id":"https:\/\/blog.carpediese.fr\/?p=1139#primaryimage"},"thumbnailUrl":"https:\/\/blog.carpediese.fr\/wp-content\/uploads\/2014\/04\/cordes-vocales.jpg","datePublished":"2014-04-11T17:13:04+00:00","dateModified":"2014-06-06T13:14:30+00:00","author":{"@id":"https:\/\/blog.carpediese.fr\/#\/schema\/person\/b82adb6ace805a7222f76771fb96fa22"},"description":"Vous apprenez le chant par vous-m\u00eame? D\u00e9couvrez les vid\u00e9os et explications pour bien exercer vos cordes vocales","inLanguage":"fr-FR","potentialAction":[{"@type":"ReadAction","target":["https:\/\/blog.carpediese.fr\/?p=1139"]}]},{"@type":"ImageObject","inLanguage":"fr-FR","@id":"https:\/\/blog.carpediese.fr\/?p=1139#primaryimage","url":"https:\/\/blog.carpediese.fr\/wp-content\/uploads\/2014\/04\/cordes-vocales.jpg","contentUrl":"https:\/\/blog.carpediese.fr\/wp-content\/uploads\/2014\/04\/cordes-vocales.jpg","width":1280,"height":720},{"@type":"WebSite","@id":"https:\/\/blog.carpediese.fr\/#website","url":"https:\/\/blog.carpediese.fr\/","name":"Carpe Di\u00e8se","description":"Le blog de l&#039;\u00e9cole carpediese.fr","potentialAction":[{"@type":"SearchAction","target":{"@type":"EntryPoint","urlTemplate":"https:\/\/blog.carpediese.fr\/?s={search_term_string}"},"query-input":{"@type":"PropertyValueSpecification","valueRequired":true,"valueName":"search_term_string"}}],"inLanguage":"fr-FR"},{"@type":"Person","@id":"https:\/\/blog.carpediese.fr\/#\/schema\/person\/b82adb6ace805a7222f76771fb96fa22","name":"carpediese","image":{"@type":"ImageObject","inLanguage":"fr-FR","@id":"https:\/\/blog.carpediese.fr\/#\/schema\/person\/image\/","url":"https:\/\/secure.gravatar.com\/avatar\/f539abdacac3f33f110652dbdf5bc199?s=96&d=mm&r=g","contentUrl":"https:\/\/secure.gravatar.com\/avatar\/f539abdacac3f33f110652dbdf5bc199?s=96&d=mm&r=g","caption":"carpediese"},"url":"https:\/\/blog.carpediese.fr\/?author=1"}]}},"_links":{"self":[{"href":"https:\/\/blog.carpediese.fr\/index.php?rest_route=\/wp\/v2\/posts\/1139","targetHints":{"allow":["GET"]}}],"collection":[{"href":"https:\/\/blog.carpediese.fr\/index.php?rest_route=\/wp\/v2\/posts"}],"about":[{"href":"https:\/\/blog.carpediese.fr\/index.php?rest_route=\/wp\/v2\/types\/post"}],"author":[{"embeddable":true,"href":"https:\/\/blog.carpediese.fr\/index.php?rest_route=\/wp\/v2\/users\/1"}],"replies":[{"embeddable":true,"href":"https:\/\/blog.carpediese.fr\/index.php?rest_route=%2Fwp%2Fv2%2Fcomments&post=1139"}],"version-history":[{"count":4,"href":"https:\/\/blog.carpediese.fr\/index.php?rest_route=\/wp\/v2\/posts\/1139\/revisions"}],"predecessor-version":[{"id":1275,"href":"https:\/\/blog.carpediese.fr\/index.php?rest_route=\/wp\/v2\/posts\/1139\/revisions\/1275"}],"wp:featuredmedia":[{"embeddable":true,"href":"https:\/\/blog.carpediese.fr\/index.php?rest_route=\/wp\/v2\/media\/1140"}],"wp:attachment":[{"href":"https:\/\/blog.carpediese.fr\/index.php?rest_route=%2Fwp%2Fv2%2Fmedia&parent=1139"}],"wp:term":[{"taxonomy":"category","embeddable":true,"href":"https:\/\/blog.carpediese.fr\/index.php?rest_route=%2Fwp%2Fv2%2Fcategories&post=1139"},{"taxonomy":"post_tag","embeddable":true,"href":"https:\/\/blog.carpediese.fr\/index.php?rest_route=%2Fwp%2Fv2%2Ftags&post=1139"}],"curies":[{"name":"wp","href":"https:\/\/api.w.org\/{rel}","templated":true}]}}