{"id":1219,"date":"2014-06-02T18:30:33","date_gmt":"2014-06-02T17:30:33","guid":{"rendered":"http:\/\/blog.carpediese.fr\/?p=1219"},"modified":"2014-09-18T11:09:50","modified_gmt":"2014-09-18T10:09:50","slug":"fete-musique-2014-lopen-musique-scene-ouverte-en-plein-coeur-paris","status":"publish","type":"post","link":"https:\/\/blog.carpediese.fr\/?p=1219","title":{"rendered":"F\u00eate de la musique 2014 : L&rsquo;open de la musique, une sc\u00e8ne ouverte en plein coeur de Paris"},"content":{"rendered":"<h1>F\u00eate de la musique 2014 : L&rsquo;open de la musique, une sc\u00e8ne ouverte en plein coeur de Paris<\/h1>\n<h2>Une sc\u00e8ne, la foule et vous<\/h2>\n<p class=\"p1\">Chaque ann\u00e9e, le bal red\u00e9marre : les accords sont plaqu\u00e9s, les d\u00e9cibels se r\u00e9pandent et votre envie de prendre l&rsquo;instrument est difficile \u00e0 contenir&#8230; \u00a0Alors cette ann\u00e9e sp\u00e9cialement pour la f\u00eate de la musique, Carpe Di\u00e8se renverse le jeu et vous offre la possibilit\u00e9 de vous faire entendre en cr\u00e9ant l&rsquo;Open de la musique (hashtag de l&rsquo;\u00e9v\u00e9nement sur twitter et instagram #opendlm).<\/p>\n<p class=\"p1\">Samedi 21 Juin de 18h \u00e0 22h, nous vous offrons la possibilit\u00e9 de jouer sur la sc\u00e8ne de l&rsquo;\u00e9cole situ\u00e9e sur la place Saint Andr\u00e9 des Arts en plein coeur de Paris (et mon petit doigt me dit qu&rsquo;il fera un temps magnifique !).<\/p>\n<h2 class=\"p1\">Comment s&rsquo;inscrire ?<\/h2>\n<p>Pour vous inscrire, il vous suffit de remplir notre <strong><a title=\"Inscription Open de la musique, sc\u00e8ne ouverte par Carpe Di\u00e8se\" href=\"http:\/\/carpediese.fr\/fdm\" target=\"_blank\"><span class=\"s1\">formulaire sur le site<\/span><\/a><\/strong>. Si vous n&rsquo;avez pas de groupe pour vous accompagner, pensez \u00e0 indiquer les titres que vous souhaitez jouer et la team des Sheriffs (musiciens v\u00e9t\u00e9rans de l&rsquo;\u00e9cole) vous accompagnera. Les instruments disponibles sont : chant, guitare, basse, clavier\u00a0et batterie.<\/p>\n<hr \/>\n<p>&nbsp;<\/p>\n<p style=\"text-align: center;\"><a title=\"Formulaire d'inscription F\u00eate de la musique 2014\" href=\"http:\/\/carpediese.fr\/fdm\" target=\"_blank\"><strong>Formulaire d&rsquo;inscription F\u00eate de la musique 2014<\/strong><\/a><\/p>\n<hr \/>\n<p>&nbsp;<\/p>\n<h2>Et l&rsquo;ann\u00e9e derni\u00e8re, c&rsquo;\u00e9tait comment ?<\/h2>\n<p>Pour revivre la f\u00eate de la musique 2013, nous avons compil\u00e9 nos plus belles vid\u00e9os dans <a title=\"Les vid\u00e9os du concert du 21 juin 2013\" href=\"http:\/\/blog.carpediese.fr\/?p=226\">cet\u00a0article<\/a>.<\/p>\n<h2>Des questions ?<\/h2>\n<p>N&rsquo;h\u00e9sitez pas \u00e0 commenter cet article et nous vous r\u00e9pondrons !<\/p>\n","protected":false},"excerpt":{"rendered":"<p>F\u00eate de la musique 2014 : L&rsquo;open de la musique, une sc\u00e8ne ouverte en plein coeur de Paris Une sc\u00e8ne, la foule et vous Chaque ann\u00e9e, le bal red\u00e9marre : les accords sont plaqu\u00e9s, les d\u00e9cibels se r\u00e9pandent et votre envie de prendre l&rsquo;instrument est difficile \u00e0 contenir&#8230; \u00a0Alors cette ann\u00e9e sp\u00e9cialement pour la f\u00eate de la musique, Carpe Di\u00e8se renverse le jeu et vous offre la possibilit\u00e9 de vous faire entendre en cr\u00e9ant l&rsquo;Open de la musique (hashtag de l&rsquo;\u00e9v\u00e9nement sur twitter et instagram #opendlm). Samedi 21 Juin de 18h \u00e0 22h, nous vous offrons la possibilit\u00e9 de jouer sur la sc\u00e8ne de l&rsquo;\u00e9cole situ\u00e9e sur la place Saint Andr\u00e9 des Arts en plein coeur de Paris (et mon petit doigt me dit qu&rsquo;il fera un temps magnifique !). Comment s&rsquo;inscrire ? Pour vous inscrire, il vous suffit de remplir notre formulaire sur le site. Si vous n&rsquo;avez pas de groupe pour vous accompagner, pensez \u00e0 indiquer les titres que vous souhaitez jouer et la team des Sheriffs (musiciens&#8230;<\/p>\n","protected":false},"author":1,"featured_media":1220,"comment_status":"open","ping_status":"open","sticky":false,"template":"","format":"standard","meta":{"footnotes":""},"categories":[34],"tags":[],"class_list":["post-1219","post","type-post","status-publish","format-standard","has-post-thumbnail","hentry","category-actualites"],"yoast_head":"<!-- This site is optimized with the Yoast SEO plugin v24.8.1 - https:\/\/yoast.com\/wordpress\/plugins\/seo\/ -->\n<title>F\u00eate de la musique 2014 : L&#039;open de la musique, une sc\u00e8ne ouverte en plein coeur de Paris<\/title>\n<meta name=\"description\" content=\"D\u00e9couvrez et inscrivez-vous pour l&#039;open de la musique, une sc\u00e8ne ouverte en plein coeur de Paris pour tous les musiciens amoureux de la f\u00eate de la musique\" \/>\n<meta name=\"robots\" content=\"index, follow, max-snippet:-1, max-image-preview:large, max-video-preview:-1\" \/>\n<link rel=\"canonical\" href=\"https:\/\/blog.carpediese.fr\/?p=1219\" \/>\n<meta property=\"og:locale\" content=\"fr_FR\" \/>\n<meta property=\"og:type\" content=\"article\" \/>\n<meta property=\"og:title\" content=\"F\u00eate de la musique 2014 : L&#039;open de la musique, une sc\u00e8ne ouverte en plein coeur de Paris\" \/>\n<meta property=\"og:description\" content=\"D\u00e9couvrez et inscrivez-vous pour l&#039;open de la musique, une sc\u00e8ne ouverte en plein coeur de Paris pour tous les musiciens amoureux de la f\u00eate de la musique\" \/>\n<meta property=\"og:url\" content=\"https:\/\/blog.carpediese.fr\/?p=1219\" \/>\n<meta property=\"og:site_name\" content=\"Carpe Di\u00e8se\" \/>\n<meta property=\"article:published_time\" content=\"2014-06-02T17:30:33+00:00\" \/>\n<meta property=\"article:modified_time\" content=\"2014-09-18T10:09:50+00:00\" \/>\n<meta property=\"og:image\" content=\"https:\/\/blog.carpediese.fr\/wp-content\/uploads\/2014\/05\/Capture-d\u2019\u00e9cran-2014-05-26-\u00e0-16.47.30.png\" \/>\n\t<meta property=\"og:image:width\" content=\"1901\" \/>\n\t<meta property=\"og:image:height\" content=\"864\" \/>\n\t<meta property=\"og:image:type\" content=\"image\/png\" \/>\n<meta name=\"author\" content=\"carpediese\" \/>\n<meta name=\"twitter:label1\" content=\"\u00c9crit par\" \/>\n\t<meta name=\"twitter:data1\" content=\"carpediese\" \/>\n\t<meta name=\"twitter:label2\" content=\"Dur\u00e9e de lecture estim\u00e9e\" \/>\n\t<meta name=\"twitter:data2\" content=\"1 minute\" \/>\n<script type=\"application\/ld+json\" class=\"yoast-schema-graph\">{\"@context\":\"https:\/\/schema.org\",\"@graph\":[{\"@type\":\"WebPage\",\"@id\":\"https:\/\/blog.carpediese.fr\/?p=1219\",\"url\":\"https:\/\/blog.carpediese.fr\/?p=1219\",\"name\":\"F\u00eate de la musique 2014 : L'open de la musique, une sc\u00e8ne ouverte en plein coeur de Paris\",\"isPartOf\":{\"@id\":\"https:\/\/blog.carpediese.fr\/#website\"},\"primaryImageOfPage\":{\"@id\":\"https:\/\/blog.carpediese.fr\/?p=1219#primaryimage\"},\"image\":{\"@id\":\"https:\/\/blog.carpediese.fr\/?p=1219#primaryimage\"},\"thumbnailUrl\":\"https:\/\/blog.carpediese.fr\/wp-content\/uploads\/2014\/05\/Capture-d\u2019\u00e9cran-2014-05-26-\u00e0-16.47.30.png\",\"datePublished\":\"2014-06-02T17:30:33+00:00\",\"dateModified\":\"2014-09-18T10:09:50+00:00\",\"author\":{\"@id\":\"https:\/\/blog.carpediese.fr\/#\/schema\/person\/b82adb6ace805a7222f76771fb96fa22\"},\"description\":\"D\u00e9couvrez et inscrivez-vous pour l'open de la musique, une sc\u00e8ne ouverte en plein coeur de Paris pour tous les musiciens amoureux de la f\u00eate de la musique\",\"inLanguage\":\"fr-FR\",\"potentialAction\":[{\"@type\":\"ReadAction\",\"target\":[\"https:\/\/blog.carpediese.fr\/?p=1219\"]}]},{\"@type\":\"ImageObject\",\"inLanguage\":\"fr-FR\",\"@id\":\"https:\/\/blog.carpediese.fr\/?p=1219#primaryimage\",\"url\":\"https:\/\/blog.carpediese.fr\/wp-content\/uploads\/2014\/05\/Capture-d\u2019\u00e9cran-2014-05-26-\u00e0-16.47.30.png\",\"contentUrl\":\"https:\/\/blog.carpediese.fr\/wp-content\/uploads\/2014\/05\/Capture-d\u2019\u00e9cran-2014-05-26-\u00e0-16.47.30.png\",\"width\":1901,\"height\":864,\"caption\":\"f\u00eate de la musique 2014\"},{\"@type\":\"WebSite\",\"@id\":\"https:\/\/blog.carpediese.fr\/#website\",\"url\":\"https:\/\/blog.carpediese.fr\/\",\"name\":\"Carpe Di\u00e8se\",\"description\":\"Le blog de l&#039;\u00e9cole carpediese.fr\",\"potentialAction\":[{\"@type\":\"SearchAction\",\"target\":{\"@type\":\"EntryPoint\",\"urlTemplate\":\"https:\/\/blog.carpediese.fr\/?s={search_term_string}\"},\"query-input\":{\"@type\":\"PropertyValueSpecification\",\"valueRequired\":true,\"valueName\":\"search_term_string\"}}],\"inLanguage\":\"fr-FR\"},{\"@type\":\"Person\",\"@id\":\"https:\/\/blog.carpediese.fr\/#\/schema\/person\/b82adb6ace805a7222f76771fb96fa22\",\"name\":\"carpediese\",\"image\":{\"@type\":\"ImageObject\",\"inLanguage\":\"fr-FR\",\"@id\":\"https:\/\/blog.carpediese.fr\/#\/schema\/person\/image\/\",\"url\":\"https:\/\/secure.gravatar.com\/avatar\/f539abdacac3f33f110652dbdf5bc199?s=96&d=mm&r=g\",\"contentUrl\":\"https:\/\/secure.gravatar.com\/avatar\/f539abdacac3f33f110652dbdf5bc199?s=96&d=mm&r=g\",\"caption\":\"carpediese\"},\"url\":\"https:\/\/blog.carpediese.fr\/?author=1\"}]}<\/script>\n<!-- \/ Yoast SEO plugin. -->","yoast_head_json":{"title":"F\u00eate de la musique 2014 : L'open de la musique, une sc\u00e8ne ouverte en plein coeur de Paris","description":"D\u00e9couvrez et inscrivez-vous pour l'open de la musique, une sc\u00e8ne ouverte en plein coeur de Paris pour tous les musiciens amoureux de la f\u00eate de la musique","robots":{"index":"index","follow":"follow","max-snippet":"max-snippet:-1","max-image-preview":"max-image-preview:large","max-video-preview":"max-video-preview:-1"},"canonical":"https:\/\/blog.carpediese.fr\/?p=1219","og_locale":"fr_FR","og_type":"article","og_title":"F\u00eate de la musique 2014 : L'open de la musique, une sc\u00e8ne ouverte en plein coeur de Paris","og_description":"D\u00e9couvrez et inscrivez-vous pour l'open de la musique, une sc\u00e8ne ouverte en plein coeur de Paris pour tous les musiciens amoureux de la f\u00eate de la musique","og_url":"https:\/\/blog.carpediese.fr\/?p=1219","og_site_name":"Carpe Di\u00e8se","article_published_time":"2014-06-02T17:30:33+00:00","article_modified_time":"2014-09-18T10:09:50+00:00","og_image":[{"width":1901,"height":864,"url":"https:\/\/blog.carpediese.fr\/wp-content\/uploads\/2014\/05\/Capture-d\u2019\u00e9cran-2014-05-26-\u00e0-16.47.30.png","type":"image\/png"}],"author":"carpediese","twitter_misc":{"\u00c9crit par":"carpediese","Dur\u00e9e de lecture estim\u00e9e":"1 minute"},"schema":{"@context":"https:\/\/schema.org","@graph":[{"@type":"WebPage","@id":"https:\/\/blog.carpediese.fr\/?p=1219","url":"https:\/\/blog.carpediese.fr\/?p=1219","name":"F\u00eate de la musique 2014 : L'open de la musique, une sc\u00e8ne ouverte en plein coeur de Paris","isPartOf":{"@id":"https:\/\/blog.carpediese.fr\/#website"},"primaryImageOfPage":{"@id":"https:\/\/blog.carpediese.fr\/?p=1219#primaryimage"},"image":{"@id":"https:\/\/blog.carpediese.fr\/?p=1219#primaryimage"},"thumbnailUrl":"https:\/\/blog.carpediese.fr\/wp-content\/uploads\/2014\/05\/Capture-d\u2019\u00e9cran-2014-05-26-\u00e0-16.47.30.png","datePublished":"2014-06-02T17:30:33+00:00","dateModified":"2014-09-18T10:09:50+00:00","author":{"@id":"https:\/\/blog.carpediese.fr\/#\/schema\/person\/b82adb6ace805a7222f76771fb96fa22"},"description":"D\u00e9couvrez et inscrivez-vous pour l'open de la musique, une sc\u00e8ne ouverte en plein coeur de Paris pour tous les musiciens amoureux de la f\u00eate de la musique","inLanguage":"fr-FR","potentialAction":[{"@type":"ReadAction","target":["https:\/\/blog.carpediese.fr\/?p=1219"]}]},{"@type":"ImageObject","inLanguage":"fr-FR","@id":"https:\/\/blog.carpediese.fr\/?p=1219#primaryimage","url":"https:\/\/blog.carpediese.fr\/wp-content\/uploads\/2014\/05\/Capture-d\u2019\u00e9cran-2014-05-26-\u00e0-16.47.30.png","contentUrl":"https:\/\/blog.carpediese.fr\/wp-content\/uploads\/2014\/05\/Capture-d\u2019\u00e9cran-2014-05-26-\u00e0-16.47.30.png","width":1901,"height":864,"caption":"f\u00eate de la musique 2014"},{"@type":"WebSite","@id":"https:\/\/blog.carpediese.fr\/#website","url":"https:\/\/blog.carpediese.fr\/","name":"Carpe Di\u00e8se","description":"Le blog de l&#039;\u00e9cole carpediese.fr","potentialAction":[{"@type":"SearchAction","target":{"@type":"EntryPoint","urlTemplate":"https:\/\/blog.carpediese.fr\/?s={search_term_string}"},"query-input":{"@type":"PropertyValueSpecification","valueRequired":true,"valueName":"search_term_string"}}],"inLanguage":"fr-FR"},{"@type":"Person","@id":"https:\/\/blog.carpediese.fr\/#\/schema\/person\/b82adb6ace805a7222f76771fb96fa22","name":"carpediese","image":{"@type":"ImageObject","inLanguage":"fr-FR","@id":"https:\/\/blog.carpediese.fr\/#\/schema\/person\/image\/","url":"https:\/\/secure.gravatar.com\/avatar\/f539abdacac3f33f110652dbdf5bc199?s=96&d=mm&r=g","contentUrl":"https:\/\/secure.gravatar.com\/avatar\/f539abdacac3f33f110652dbdf5bc199?s=96&d=mm&r=g","caption":"carpediese"},"url":"https:\/\/blog.carpediese.fr\/?author=1"}]}},"_links":{"self":[{"href":"https:\/\/blog.carpediese.fr\/index.php?rest_route=\/wp\/v2\/posts\/1219","targetHints":{"allow":["GET"]}}],"collection":[{"href":"https:\/\/blog.carpediese.fr\/index.php?rest_route=\/wp\/v2\/posts"}],"about":[{"href":"https:\/\/blog.carpediese.fr\/index.php?rest_route=\/wp\/v2\/types\/post"}],"author":[{"embeddable":true,"href":"https:\/\/blog.carpediese.fr\/index.php?rest_route=\/wp\/v2\/users\/1"}],"replies":[{"embeddable":true,"href":"https:\/\/blog.carpediese.fr\/index.php?rest_route=%2Fwp%2Fv2%2Fcomments&post=1219"}],"version-history":[{"count":4,"href":"https:\/\/blog.carpediese.fr\/index.php?rest_route=\/wp\/v2\/posts\/1219\/revisions"}],"predecessor-version":[{"id":1225,"href":"https:\/\/blog.carpediese.fr\/index.php?rest_route=\/wp\/v2\/posts\/1219\/revisions\/1225"}],"wp:featuredmedia":[{"embeddable":true,"href":"https:\/\/blog.carpediese.fr\/index.php?rest_route=\/wp\/v2\/media\/1220"}],"wp:attachment":[{"href":"https:\/\/blog.carpediese.fr\/index.php?rest_route=%2Fwp%2Fv2%2Fmedia&parent=1219"}],"wp:term":[{"taxonomy":"category","embeddable":true,"href":"https:\/\/blog.carpediese.fr\/index.php?rest_route=%2Fwp%2Fv2%2Fcategories&post=1219"},{"taxonomy":"post_tag","embeddable":true,"href":"https:\/\/blog.carpediese.fr\/index.php?rest_route=%2Fwp%2Fv2%2Ftags&post=1219"}],"curies":[{"name":"wp","href":"https:\/\/api.w.org\/{rel}","templated":true}]}}