{"id":1312,"date":"2014-07-07T17:04:49","date_gmt":"2014-07-07T16:04:49","guid":{"rendered":"http:\/\/blog.carpediese.fr\/?p=1312"},"modified":"2014-09-18T11:09:50","modified_gmt":"2014-09-18T10:09:50","slug":"bilan-fete-musique-2014","status":"publish","type":"post","link":"https:\/\/blog.carpediese.fr\/?p=1312","title":{"rendered":"Le bilan de la f\u00eate de la musique 2014"},"content":{"rendered":"<h1>Retour sur la 1re sc\u00e8ne ouverte Carpe Di\u00e8se<\/h1>\n<p>Une sc\u00e8ne en plein coeur de Paris, des dizaines d&rsquo;artistes et de groupes chauff\u00e9s \u00e0 blanc pour un samedi soir d&rsquo;exception et pas un seul nuage \u00e0 l&rsquo;horizon ! Apr\u00e8s une magnifique <a title=\"Retour sur la f\u00eate de la musique du 21 juin 2013\" href=\"http:\/\/blog.carpediese.fr\/?p=226\">f\u00eate de la musique 2013<\/a>, on peut dire que toutes les conditions \u00e9taient \u00e0 nouveau r\u00e9unies cette ann\u00e9e pour passer une belle soir\u00e9e\u00a0ce que Carpe Di\u00e8se ne s&rsquo;est pas priv\u00e9 de faire \ud83d\ude09<\/p>\n<p>Petit retour sur\u00a0une des soir\u00e9es musicales qui marquera notre ann\u00e9e 2014 gr\u00e2ce aux photos et vid\u00e9os que vous nous avez envoy\u00e9es.<\/p>\n<h2>Une sc\u00e8ne ouverte en plein coeur de Paris<\/h2>\n<p>Ils \u00e9taient nombreux \u00e0 s&rsquo;\u00eatre inscrits pour cette 1re sc\u00e8ne ouverte Carpe Di\u00e8se organis\u00e9e dans le cadre de la f\u00eate de la musique 2014 sur la place Saint-Andr\u00e9 des Arts en plein coeur de Paris. Le concept \u00e9tait simple : permettre \u00e0 tous les musiciens de jouer sur une sc\u00e8ne sans avoir \u00e0 organiser quoi que ce soit ! Les artistes et groupes pouvaient s&rsquo;inscrire sur le site de Carpe Di\u00e8se\u00a0et \u00e9taient ensuite inviter \u00e0 interpr\u00e9ter leurs propres r\u00e9pertoires\u00a0ou des reprises durant la soir\u00e9e.<\/p>\n<p>C&rsquo;est finalement\u00a0une dizaine de groupes et d&rsquo;artistes que nous avons pu\u00a0s\u00e9lectionner\u00a0pour vous faire partager des \u00e9motions musicales diverses allant de\u00a0la pop au rock en passant par le jazz ou m\u00eame le beatbox.<\/p>\n<p>On refait le match juste pour le plaisir avec les images et vid\u00e9os que vous nous envoy\u00e9s durant\u00a0la soir\u00e9e \ud83d\ude09<\/p>\n<div id=\"attachment_1314\" style=\"width: 310px\" class=\"wp-caption aligncenter\"><a href=\"http:\/\/blog.carpediese.fr\/wp-content\/uploads\/2014\/07\/Alice-is-on-fire.jpg\"><img loading=\"lazy\" decoding=\"async\" aria-describedby=\"caption-attachment-1314\" class=\"wp-image-1314 size-medium\" src=\"http:\/\/blog.carpediese.fr\/wp-content\/uploads\/2014\/07\/Alice-is-on-fire-300x300.jpg\" alt=\"f\u00eate de la musique - test de la batterie\" width=\"300\" height=\"300\" srcset=\"https:\/\/blog.carpediese.fr\/wp-content\/uploads\/2014\/07\/Alice-is-on-fire-300x300.jpg 300w, https:\/\/blog.carpediese.fr\/wp-content\/uploads\/2014\/07\/Alice-is-on-fire-150x150.jpg 150w, https:\/\/blog.carpediese.fr\/wp-content\/uploads\/2014\/07\/Alice-is-on-fire-1024x1024.jpg 1024w, https:\/\/blog.carpediese.fr\/wp-content\/uploads\/2014\/07\/Alice-is-on-fire-600x600.jpg 600w, https:\/\/blog.carpediese.fr\/wp-content\/uploads\/2014\/07\/Alice-is-on-fire-1500x1500.jpg 1500w\" sizes=\"auto, (max-width: 300px) 100vw, 300px\" \/><\/a><p id=\"caption-attachment-1314\" class=\"wp-caption-text\">D\u00e9but de soir\u00e9e\u00a0&#8211; Alice teste la batterie<\/p><\/div>\n<div id=\"attachment_1319\" style=\"width: 310px\" class=\"wp-caption aligncenter\"><a href=\"http:\/\/blog.carpediese.fr\/wp-content\/uploads\/2014\/07\/Carpe-team.jpg\"><img loading=\"lazy\" decoding=\"async\" aria-describedby=\"caption-attachment-1319\" class=\"size-medium wp-image-1319\" src=\"http:\/\/blog.carpediese.fr\/wp-content\/uploads\/2014\/07\/Carpe-team-300x225.jpg\" alt=\"La team Carpe Di\u00e8se chauffe les intrus\" width=\"300\" height=\"225\" srcset=\"https:\/\/blog.carpediese.fr\/wp-content\/uploads\/2014\/07\/Carpe-team-300x225.jpg 300w, https:\/\/blog.carpediese.fr\/wp-content\/uploads\/2014\/07\/Carpe-team-1024x768.jpg 1024w\" sizes=\"auto, (max-width: 300px) 100vw, 300px\" \/><\/a><p id=\"caption-attachment-1319\" class=\"wp-caption-text\">La team Carpe Di\u00e8se chauffe les intrus<\/p><\/div>\n<div id=\"attachment_1328\" style=\"width: 234px\" class=\"wp-caption aligncenter\"><a href=\"http:\/\/blog.carpediese.fr\/wp-content\/uploads\/2014\/07\/Ambre-et-Thomas1.jpg\"><img loading=\"lazy\" decoding=\"async\" aria-describedby=\"caption-attachment-1328\" class=\"size-medium wp-image-1328\" src=\"http:\/\/blog.carpediese.fr\/wp-content\/uploads\/2014\/07\/Ambre-et-Thomas1-224x300.jpg\" alt=\"Ambre et Thomas ouvrent le bal\" width=\"224\" height=\"300\" srcset=\"https:\/\/blog.carpediese.fr\/wp-content\/uploads\/2014\/07\/Ambre-et-Thomas1-224x300.jpg 224w, https:\/\/blog.carpediese.fr\/wp-content\/uploads\/2014\/07\/Ambre-et-Thomas1-764x1024.jpg 764w, https:\/\/blog.carpediese.fr\/wp-content\/uploads\/2014\/07\/Ambre-et-Thomas1-300x400.jpg 300w, https:\/\/blog.carpediese.fr\/wp-content\/uploads\/2014\/07\/Ambre-et-Thomas1.jpg 1936w\" sizes=\"auto, (max-width: 224px) 100vw, 224px\" \/><\/a><p id=\"caption-attachment-1328\" class=\"wp-caption-text\">Ambre et Thomas ouvrent le bal<\/p><\/div>\n<div id=\"attachment_1316\" style=\"width: 310px\" class=\"wp-caption aligncenter\"><a href=\"http:\/\/blog.carpediese.fr\/wp-content\/uploads\/2014\/07\/Anastacia-et-Geko.jpg\"><img loading=\"lazy\" decoding=\"async\" aria-describedby=\"caption-attachment-1316\" class=\"size-medium wp-image-1316\" src=\"http:\/\/blog.carpediese.fr\/wp-content\/uploads\/2014\/07\/Anastacia-et-Geko-300x225.jpg\" alt=\"Anastacia et Geko - Duo fl\u00fbte et guitare\" width=\"300\" height=\"225\" srcset=\"https:\/\/blog.carpediese.fr\/wp-content\/uploads\/2014\/07\/Anastacia-et-Geko-300x225.jpg 300w, https:\/\/blog.carpediese.fr\/wp-content\/uploads\/2014\/07\/Anastacia-et-Geko-1024x768.jpg 1024w\" sizes=\"auto, (max-width: 300px) 100vw, 300px\" \/><\/a><p id=\"caption-attachment-1316\" class=\"wp-caption-text\">Anastacia et Geko &#8211; Duo fl\u00fbte et guitare<\/p><\/div>\n<div id=\"attachment_1313\" style=\"width: 235px\" class=\"wp-caption aligncenter\"><a href=\"http:\/\/blog.carpediese.fr\/wp-content\/uploads\/2014\/07\/Alex-e1404745188365.jpg\"><img loading=\"lazy\" decoding=\"async\" aria-describedby=\"caption-attachment-1313\" class=\"size-medium wp-image-1313\" src=\"http:\/\/blog.carpediese.fr\/wp-content\/uploads\/2014\/07\/Alex-e1404745188365-225x300.jpg\" alt=\"Alex et Elodie\" width=\"225\" height=\"300\" srcset=\"https:\/\/blog.carpediese.fr\/wp-content\/uploads\/2014\/07\/Alex-e1404745188365-225x300.jpg 225w, https:\/\/blog.carpediese.fr\/wp-content\/uploads\/2014\/07\/Alex-e1404745188365-768x1024.jpg 768w, https:\/\/blog.carpediese.fr\/wp-content\/uploads\/2014\/07\/Alex-e1404745188365-300x400.jpg 300w\" sizes=\"auto, (max-width: 225px) 100vw, 225px\" \/><\/a><p id=\"caption-attachment-1313\" class=\"wp-caption-text\">Alexandra en pleine interpr\u00e9tation<\/p><\/div>\n<div id=\"attachment_1329\" style=\"width: 310px\" class=\"wp-caption aligncenter\"><a href=\"http:\/\/blog.carpediese.fr\/wp-content\/uploads\/2014\/07\/Elo.jpg\"><img loading=\"lazy\" decoding=\"async\" aria-describedby=\"caption-attachment-1329\" class=\"size-medium wp-image-1329\" src=\"http:\/\/blog.carpediese.fr\/wp-content\/uploads\/2014\/07\/Elo-300x224.jpg\" alt=\"Carton plein pour Elodie\" width=\"300\" height=\"224\" srcset=\"https:\/\/blog.carpediese.fr\/wp-content\/uploads\/2014\/07\/Elo-300x224.jpg 300w, https:\/\/blog.carpediese.fr\/wp-content\/uploads\/2014\/07\/Elo-1024x764.jpg 1024w\" sizes=\"auto, (max-width: 300px) 100vw, 300px\" \/><\/a><p id=\"caption-attachment-1329\" class=\"wp-caption-text\">Carton plein pour Elodie<\/p><\/div>\n<div id=\"attachment_1331\" style=\"width: 310px\" class=\"wp-caption aligncenter\"><a href=\"http:\/\/blog.carpediese.fr\/wp-content\/uploads\/2014\/07\/Marie-et-son-groupe.jpg\"><img loading=\"lazy\" decoding=\"async\" aria-describedby=\"caption-attachment-1331\" class=\"wp-image-1331 size-medium\" src=\"http:\/\/blog.carpediese.fr\/wp-content\/uploads\/2014\/07\/Marie-et-son-groupe-300x225.jpg\" alt=\"Marie et son groupe\" width=\"300\" height=\"225\" srcset=\"https:\/\/blog.carpediese.fr\/wp-content\/uploads\/2014\/07\/Marie-et-son-groupe-300x225.jpg 300w, https:\/\/blog.carpediese.fr\/wp-content\/uploads\/2014\/07\/Marie-et-son-groupe-1024x768.jpg 1024w\" sizes=\"auto, (max-width: 300px) 100vw, 300px\" \/><\/a><p id=\"caption-attachment-1331\" class=\"wp-caption-text\">Marie au violon et son groupe<\/p><\/div>\n<div id=\"attachment_1321\" style=\"width: 310px\" class=\"wp-caption aligncenter\"><a href=\"http:\/\/blog.carpediese.fr\/wp-content\/uploads\/2014\/07\/Groupe-de-jeunes.jpg\"><img loading=\"lazy\" decoding=\"async\" aria-describedby=\"caption-attachment-1321\" class=\"size-medium wp-image-1321\" src=\"http:\/\/blog.carpediese.fr\/wp-content\/uploads\/2014\/07\/Groupe-de-jeunes-300x225.jpg\" alt=\"Ode, Salom\u00e9 et leur groupe\" width=\"300\" height=\"225\" srcset=\"https:\/\/blog.carpediese.fr\/wp-content\/uploads\/2014\/07\/Groupe-de-jeunes-300x225.jpg 300w, https:\/\/blog.carpediese.fr\/wp-content\/uploads\/2014\/07\/Groupe-de-jeunes-1024x768.jpg 1024w\" sizes=\"auto, (max-width: 300px) 100vw, 300px\" \/><\/a><p id=\"caption-attachment-1321\" class=\"wp-caption-text\">Victoire, Salom\u00e9 et leur groupe<\/p><\/div>\n<div id=\"attachment_1322\" style=\"width: 310px\" class=\"wp-caption aligncenter\"><a href=\"http:\/\/blog.carpediese.fr\/wp-content\/uploads\/2014\/07\/Les-damoiselles-2.jpg\"><img loading=\"lazy\" decoding=\"async\" aria-describedby=\"caption-attachment-1322\" class=\"size-medium wp-image-1322\" src=\"http:\/\/blog.carpediese.fr\/wp-content\/uploads\/2014\/07\/Les-damoiselles-2-300x225.jpg\" alt=\"Les Damoiselles en pleine action\" width=\"300\" height=\"225\" srcset=\"https:\/\/blog.carpediese.fr\/wp-content\/uploads\/2014\/07\/Les-damoiselles-2-300x225.jpg 300w, https:\/\/blog.carpediese.fr\/wp-content\/uploads\/2014\/07\/Les-damoiselles-2-1024x768.jpg 1024w\" sizes=\"auto, (max-width: 300px) 100vw, 300px\" \/><\/a><p id=\"caption-attachment-1322\" class=\"wp-caption-text\">Les Damoiselles en pleine action<\/p><\/div>\n<div id=\"attachment_1330\" style=\"width: 310px\" class=\"wp-caption aligncenter\"><a href=\"http:\/\/blog.carpediese.fr\/wp-content\/uploads\/2014\/07\/IMGA0844.jpg\"><img loading=\"lazy\" decoding=\"async\" aria-describedby=\"caption-attachment-1330\" class=\"size-medium wp-image-1330\" src=\"http:\/\/blog.carpediese.fr\/wp-content\/uploads\/2014\/07\/IMGA0844-300x168.jpg\" alt=\"Per en mode acoustique\" width=\"300\" height=\"168\" srcset=\"https:\/\/blog.carpediese.fr\/wp-content\/uploads\/2014\/07\/IMGA0844-300x168.jpg 300w, https:\/\/blog.carpediese.fr\/wp-content\/uploads\/2014\/07\/IMGA0844.jpg 640w\" sizes=\"auto, (max-width: 300px) 100vw, 300px\" \/><\/a><p id=\"caption-attachment-1330\" class=\"wp-caption-text\">Per en mode acoustique<\/p><\/div>\n<div id=\"attachment_1327\" style=\"width: 310px\" class=\"wp-caption aligncenter\"><a href=\"http:\/\/blog.carpediese.fr\/wp-content\/uploads\/2014\/07\/Zorb.jpg\"><img loading=\"lazy\" decoding=\"async\" aria-describedby=\"caption-attachment-1327\" class=\"size-medium wp-image-1327\" src=\"http:\/\/blog.carpediese.fr\/wp-content\/uploads\/2014\/07\/Zorb-300x224.jpg\" alt=\"Zord human beat box\" width=\"300\" height=\"224\" srcset=\"https:\/\/blog.carpediese.fr\/wp-content\/uploads\/2014\/07\/Zorb-300x224.jpg 300w, https:\/\/blog.carpediese.fr\/wp-content\/uploads\/2014\/07\/Zorb-1024x765.jpg 1024w\" sizes=\"auto, (max-width: 300px) 100vw, 300px\" \/><\/a><p id=\"caption-attachment-1327\" class=\"wp-caption-text\">Zord human beat box<\/p><\/div>\n<div id=\"attachment_1326\" style=\"width: 310px\" class=\"wp-caption aligncenter\"><a href=\"http:\/\/blog.carpediese.fr\/wp-content\/uploads\/2014\/07\/Riddim.jpg\"><img loading=\"lazy\" decoding=\"async\" aria-describedby=\"caption-attachment-1326\" class=\"size-medium wp-image-1326\" src=\"http:\/\/blog.carpediese.fr\/wp-content\/uploads\/2014\/07\/Riddim-300x225.jpg\" alt=\"Riddim\" width=\"300\" height=\"225\" srcset=\"https:\/\/blog.carpediese.fr\/wp-content\/uploads\/2014\/07\/Riddim-300x225.jpg 300w, https:\/\/blog.carpediese.fr\/wp-content\/uploads\/2014\/07\/Riddim-1024x768.jpg 1024w\" sizes=\"auto, (max-width: 300px) 100vw, 300px\" \/><\/a><p id=\"caption-attachment-1326\" class=\"wp-caption-text\">Riddim<\/p><\/div>\n<div id=\"attachment_1332\" style=\"width: 235px\" class=\"wp-caption aligncenter\"><a href=\"http:\/\/blog.carpediese.fr\/wp-content\/uploads\/2014\/07\/Assrock1.jpg\"><img loading=\"lazy\" decoding=\"async\" aria-describedby=\"caption-attachment-1332\" class=\"wp-image-1332 size-medium\" src=\"http:\/\/blog.carpediese.fr\/wp-content\/uploads\/2014\/07\/Assrock1-e1404746617129-225x300.jpg\" alt=\"L'assrock met le feu\" width=\"225\" height=\"300\" srcset=\"https:\/\/blog.carpediese.fr\/wp-content\/uploads\/2014\/07\/Assrock1-e1404746617129-225x300.jpg 225w, https:\/\/blog.carpediese.fr\/wp-content\/uploads\/2014\/07\/Assrock1-e1404746617129-768x1024.jpg 768w, https:\/\/blog.carpediese.fr\/wp-content\/uploads\/2014\/07\/Assrock1-e1404746617129-300x400.jpg 300w\" sizes=\"auto, (max-width: 225px) 100vw, 225px\" \/><\/a><p id=\"caption-attachment-1332\" class=\"wp-caption-text\">L&rsquo;assrock met le feu<\/p><\/div>\n<div id=\"attachment_1333\" style=\"width: 235px\" class=\"wp-caption aligncenter\"><a href=\"http:\/\/blog.carpediese.fr\/wp-content\/uploads\/2014\/07\/Assrock-21-e1404746673991.jpg\"><img loading=\"lazy\" decoding=\"async\" aria-describedby=\"caption-attachment-1333\" class=\"size-medium wp-image-1333\" src=\"http:\/\/blog.carpediese.fr\/wp-content\/uploads\/2014\/07\/Assrock-21-e1404746673991-225x300.jpg\" alt=\"On termine la soir\u00e9e en mode impro\" width=\"225\" height=\"300\" srcset=\"https:\/\/blog.carpediese.fr\/wp-content\/uploads\/2014\/07\/Assrock-21-e1404746673991-225x300.jpg 225w, https:\/\/blog.carpediese.fr\/wp-content\/uploads\/2014\/07\/Assrock-21-e1404746673991-768x1024.jpg 768w, https:\/\/blog.carpediese.fr\/wp-content\/uploads\/2014\/07\/Assrock-21-e1404746673991-300x400.jpg 300w\" sizes=\"auto, (max-width: 225px) 100vw, 225px\" \/><\/a><p id=\"caption-attachment-1333\" class=\"wp-caption-text\">On termine la soir\u00e9e en mode impro<\/p><\/div>\n<p>Et voil\u00e0 quelques vid\u00e9os\u00a0: <a title=\"Oc\u00e9ane\" href=\"http:\/\/youtu.be\/eN-bLepIvIc\" target=\"_blank\">Oc\u00e9ane<\/a>, <a title=\"Zord\" href=\"http:\/\/youtu.be\/tLFKcr6TwMY\" target=\"_blank\">Zord<\/a>, <a title=\"L'Assrock\" href=\"http:\/\/youtu.be\/5MfnTFAtBhE\" target=\"_blank\">l&rsquo;Assrock<\/a>,\u00a0<a title=\"Les Damoiselles\" href=\"http:\/\/youtu.be\/IMFr5nbmwkg\" target=\"_blank\">Les Damoiselles<\/a>, <a title=\"Groupe de Marie\" href=\"http:\/\/youtu.be\/u1pX5IIO7tw\" target=\"_blank\">le groupe de Marie<\/a>\u00a0et <a title=\"Per en mode acoustique\" href=\"http:\/\/youtu.be\/Zjf2Q_86Sc8\" target=\"_blank\">Per<\/a>.<\/p>\n<h2>Remerciements<\/h2>\n<p>Nous tenons \u00e0 remercier tout particuli\u00e8rement l&rsquo;ensemble des groupes et artistes qui ont\u00a0particip\u00e9 : Ambre, Thomas, Princess Nayah, Anastacia, Geko, Alexandra, Elodie, Oc\u00e9ane, Marie et son groupe, Victor, Salom\u00e9 et leur groupe, Les Damoiselles, Per, Zord, Riddim et l&rsquo;Assrock ! Egalement le bar le St Andr\u00e9 pour nous avoir fourni l&rsquo;\u00e9lectricit\u00e9 toute la soir\u00e9e et bien sur\u00a0tous ceux qui nous ont aid\u00e9 pour que cette soir\u00e9e puisse avoir dans les meilleurs conditions\u00a0et\u00a0pour leur application tout au long de cette soir\u00e9e : les <a title=\"studios bleus\" href=\"http:\/\/www.studiobleu.com\/\" target=\"_blank\">studios bleus<\/a>, Nicolas, Alice, Vincent, Elie et tous ceux que nous avons oubli\u00e9&#8230;<\/p>\n<p>Quand \u00e0 ceux qui n&rsquo;ont pas pu jouer cette ann\u00e9e, nous reviendrons\u00a0l&rsquo;ann\u00e9e prochaine et nous ne vous oublierons pas\u00a0!<\/p>\n","protected":false},"excerpt":{"rendered":"<p>Retour sur la 1re sc\u00e8ne ouverte Carpe Di\u00e8se Une sc\u00e8ne en plein coeur de Paris, des dizaines d&rsquo;artistes et de groupes chauff\u00e9s \u00e0 blanc pour un samedi soir d&rsquo;exception et pas un seul nuage \u00e0 l&rsquo;horizon ! Apr\u00e8s une magnifique f\u00eate de la musique 2013, on peut dire que toutes les conditions \u00e9taient \u00e0 nouveau r\u00e9unies cette ann\u00e9e pour passer une belle soir\u00e9e\u00a0ce que Carpe Di\u00e8se ne s&rsquo;est pas priv\u00e9 de faire \ud83d\ude09 Petit retour sur\u00a0une des soir\u00e9es musicales qui marquera notre ann\u00e9e 2014 gr\u00e2ce aux photos et vid\u00e9os que vous nous avez envoy\u00e9es. Une sc\u00e8ne ouverte en plein coeur de Paris Ils \u00e9taient nombreux \u00e0 s&rsquo;\u00eatre inscrits pour cette 1re sc\u00e8ne ouverte Carpe Di\u00e8se organis\u00e9e dans le cadre de la f\u00eate de la musique 2014 sur la place Saint-Andr\u00e9 des Arts en plein coeur de Paris. Le concept \u00e9tait simple : permettre \u00e0 tous les musiciens de jouer sur une sc\u00e8ne sans avoir \u00e0 organiser quoi que ce soit ! Les artistes et groupes pouvaient s&rsquo;inscrire sur le site&#8230;<\/p>\n","protected":false},"author":1,"featured_media":1320,"comment_status":"open","ping_status":"open","sticky":false,"template":"","format":"standard","meta":{"footnotes":""},"categories":[34],"tags":[],"class_list":["post-1312","post","type-post","status-publish","format-standard","has-post-thumbnail","hentry","category-actualites"],"yoast_head":"<!-- This site is optimized with the Yoast SEO plugin v24.8.1 - https:\/\/yoast.com\/wordpress\/plugins\/seo\/ -->\n<title>Le bilan de la f\u00eate de la musique 2014<\/title>\n<meta name=\"description\" content=\"Pour l&#039;\u00e9dition 2014 de la f\u00eate de la musique, Carpe Di\u00e8se a organis\u00e9 une sc\u00e8ne ouverte dans Paris, retour en images sur ce bel \u00e9v\u00e9nement\" \/>\n<meta name=\"robots\" content=\"index, follow, max-snippet:-1, max-image-preview:large, max-video-preview:-1\" \/>\n<link rel=\"canonical\" href=\"https:\/\/blog.carpediese.fr\/?p=1312\" \/>\n<meta property=\"og:locale\" content=\"fr_FR\" \/>\n<meta property=\"og:type\" content=\"article\" \/>\n<meta property=\"og:title\" content=\"Le bilan de la f\u00eate de la musique 2014\" \/>\n<meta property=\"og:description\" content=\"Pour l&#039;\u00e9dition 2014 de la f\u00eate de la musique, Carpe Di\u00e8se a organis\u00e9 une sc\u00e8ne ouverte dans Paris, retour en images sur ce bel \u00e9v\u00e9nement\" \/>\n<meta property=\"og:url\" content=\"https:\/\/blog.carpediese.fr\/?p=1312\" \/>\n<meta property=\"og:site_name\" content=\"Carpe Di\u00e8se\" \/>\n<meta property=\"article:published_time\" content=\"2014-07-07T16:04:49+00:00\" \/>\n<meta property=\"article:modified_time\" content=\"2014-09-18T10:09:50+00:00\" \/>\n<meta property=\"og:image\" content=\"https:\/\/blog.carpediese.fr\/wp-content\/uploads\/2014\/07\/Crowd.jpg\" \/>\n\t<meta property=\"og:image:width\" content=\"3264\" \/>\n\t<meta property=\"og:image:height\" content=\"2448\" \/>\n\t<meta property=\"og:image:type\" content=\"image\/jpeg\" \/>\n<meta name=\"author\" content=\"carpediese\" \/>\n<meta name=\"twitter:label1\" content=\"\u00c9crit par\" \/>\n\t<meta name=\"twitter:data1\" content=\"carpediese\" \/>\n\t<meta name=\"twitter:label2\" content=\"Dur\u00e9e de lecture estim\u00e9e\" \/>\n\t<meta name=\"twitter:data2\" content=\"3 minutes\" \/>\n<script type=\"application\/ld+json\" class=\"yoast-schema-graph\">{\"@context\":\"https:\/\/schema.org\",\"@graph\":[{\"@type\":\"WebPage\",\"@id\":\"https:\/\/blog.carpediese.fr\/?p=1312\",\"url\":\"https:\/\/blog.carpediese.fr\/?p=1312\",\"name\":\"Le bilan de la f\u00eate de la musique 2014\",\"isPartOf\":{\"@id\":\"https:\/\/blog.carpediese.fr\/#website\"},\"primaryImageOfPage\":{\"@id\":\"https:\/\/blog.carpediese.fr\/?p=1312#primaryimage\"},\"image\":{\"@id\":\"https:\/\/blog.carpediese.fr\/?p=1312#primaryimage\"},\"thumbnailUrl\":\"https:\/\/blog.carpediese.fr\/wp-content\/uploads\/2014\/07\/Crowd.jpg\",\"datePublished\":\"2014-07-07T16:04:49+00:00\",\"dateModified\":\"2014-09-18T10:09:50+00:00\",\"author\":{\"@id\":\"https:\/\/blog.carpediese.fr\/#\/schema\/person\/b82adb6ace805a7222f76771fb96fa22\"},\"description\":\"Pour l'\u00e9dition 2014 de la f\u00eate de la musique, Carpe Di\u00e8se a organis\u00e9 une sc\u00e8ne ouverte dans Paris, retour en images sur ce bel \u00e9v\u00e9nement\",\"inLanguage\":\"fr-FR\",\"potentialAction\":[{\"@type\":\"ReadAction\",\"target\":[\"https:\/\/blog.carpediese.fr\/?p=1312\"]}]},{\"@type\":\"ImageObject\",\"inLanguage\":\"fr-FR\",\"@id\":\"https:\/\/blog.carpediese.fr\/?p=1312#primaryimage\",\"url\":\"https:\/\/blog.carpediese.fr\/wp-content\/uploads\/2014\/07\/Crowd.jpg\",\"contentUrl\":\"https:\/\/blog.carpediese.fr\/wp-content\/uploads\/2014\/07\/Crowd.jpg\",\"width\":3264,\"height\":2448,\"caption\":\"F\u00eate de la musique 2014\"},{\"@type\":\"WebSite\",\"@id\":\"https:\/\/blog.carpediese.fr\/#website\",\"url\":\"https:\/\/blog.carpediese.fr\/\",\"name\":\"Carpe Di\u00e8se\",\"description\":\"Le blog de l&#039;\u00e9cole carpediese.fr\",\"potentialAction\":[{\"@type\":\"SearchAction\",\"target\":{\"@type\":\"EntryPoint\",\"urlTemplate\":\"https:\/\/blog.carpediese.fr\/?s={search_term_string}\"},\"query-input\":{\"@type\":\"PropertyValueSpecification\",\"valueRequired\":true,\"valueName\":\"search_term_string\"}}],\"inLanguage\":\"fr-FR\"},{\"@type\":\"Person\",\"@id\":\"https:\/\/blog.carpediese.fr\/#\/schema\/person\/b82adb6ace805a7222f76771fb96fa22\",\"name\":\"carpediese\",\"image\":{\"@type\":\"ImageObject\",\"inLanguage\":\"fr-FR\",\"@id\":\"https:\/\/blog.carpediese.fr\/#\/schema\/person\/image\/\",\"url\":\"https:\/\/secure.gravatar.com\/avatar\/f539abdacac3f33f110652dbdf5bc199?s=96&d=mm&r=g\",\"contentUrl\":\"https:\/\/secure.gravatar.com\/avatar\/f539abdacac3f33f110652dbdf5bc199?s=96&d=mm&r=g\",\"caption\":\"carpediese\"},\"url\":\"https:\/\/blog.carpediese.fr\/?author=1\"}]}<\/script>\n<!-- \/ Yoast SEO plugin. -->","yoast_head_json":{"title":"Le bilan de la f\u00eate de la musique 2014","description":"Pour l'\u00e9dition 2014 de la f\u00eate de la musique, Carpe Di\u00e8se a organis\u00e9 une sc\u00e8ne ouverte dans Paris, retour en images sur ce bel \u00e9v\u00e9nement","robots":{"index":"index","follow":"follow","max-snippet":"max-snippet:-1","max-image-preview":"max-image-preview:large","max-video-preview":"max-video-preview:-1"},"canonical":"https:\/\/blog.carpediese.fr\/?p=1312","og_locale":"fr_FR","og_type":"article","og_title":"Le bilan de la f\u00eate de la musique 2014","og_description":"Pour l'\u00e9dition 2014 de la f\u00eate de la musique, Carpe Di\u00e8se a organis\u00e9 une sc\u00e8ne ouverte dans Paris, retour en images sur ce bel \u00e9v\u00e9nement","og_url":"https:\/\/blog.carpediese.fr\/?p=1312","og_site_name":"Carpe Di\u00e8se","article_published_time":"2014-07-07T16:04:49+00:00","article_modified_time":"2014-09-18T10:09:50+00:00","og_image":[{"width":3264,"height":2448,"url":"https:\/\/blog.carpediese.fr\/wp-content\/uploads\/2014\/07\/Crowd.jpg","type":"image\/jpeg"}],"author":"carpediese","twitter_misc":{"\u00c9crit par":"carpediese","Dur\u00e9e de lecture estim\u00e9e":"3 minutes"},"schema":{"@context":"https:\/\/schema.org","@graph":[{"@type":"WebPage","@id":"https:\/\/blog.carpediese.fr\/?p=1312","url":"https:\/\/blog.carpediese.fr\/?p=1312","name":"Le bilan de la f\u00eate de la musique 2014","isPartOf":{"@id":"https:\/\/blog.carpediese.fr\/#website"},"primaryImageOfPage":{"@id":"https:\/\/blog.carpediese.fr\/?p=1312#primaryimage"},"image":{"@id":"https:\/\/blog.carpediese.fr\/?p=1312#primaryimage"},"thumbnailUrl":"https:\/\/blog.carpediese.fr\/wp-content\/uploads\/2014\/07\/Crowd.jpg","datePublished":"2014-07-07T16:04:49+00:00","dateModified":"2014-09-18T10:09:50+00:00","author":{"@id":"https:\/\/blog.carpediese.fr\/#\/schema\/person\/b82adb6ace805a7222f76771fb96fa22"},"description":"Pour l'\u00e9dition 2014 de la f\u00eate de la musique, Carpe Di\u00e8se a organis\u00e9 une sc\u00e8ne ouverte dans Paris, retour en images sur ce bel \u00e9v\u00e9nement","inLanguage":"fr-FR","potentialAction":[{"@type":"ReadAction","target":["https:\/\/blog.carpediese.fr\/?p=1312"]}]},{"@type":"ImageObject","inLanguage":"fr-FR","@id":"https:\/\/blog.carpediese.fr\/?p=1312#primaryimage","url":"https:\/\/blog.carpediese.fr\/wp-content\/uploads\/2014\/07\/Crowd.jpg","contentUrl":"https:\/\/blog.carpediese.fr\/wp-content\/uploads\/2014\/07\/Crowd.jpg","width":3264,"height":2448,"caption":"F\u00eate de la musique 2014"},{"@type":"WebSite","@id":"https:\/\/blog.carpediese.fr\/#website","url":"https:\/\/blog.carpediese.fr\/","name":"Carpe Di\u00e8se","description":"Le blog de l&#039;\u00e9cole carpediese.fr","potentialAction":[{"@type":"SearchAction","target":{"@type":"EntryPoint","urlTemplate":"https:\/\/blog.carpediese.fr\/?s={search_term_string}"},"query-input":{"@type":"PropertyValueSpecification","valueRequired":true,"valueName":"search_term_string"}}],"inLanguage":"fr-FR"},{"@type":"Person","@id":"https:\/\/blog.carpediese.fr\/#\/schema\/person\/b82adb6ace805a7222f76771fb96fa22","name":"carpediese","image":{"@type":"ImageObject","inLanguage":"fr-FR","@id":"https:\/\/blog.carpediese.fr\/#\/schema\/person\/image\/","url":"https:\/\/secure.gravatar.com\/avatar\/f539abdacac3f33f110652dbdf5bc199?s=96&d=mm&r=g","contentUrl":"https:\/\/secure.gravatar.com\/avatar\/f539abdacac3f33f110652dbdf5bc199?s=96&d=mm&r=g","caption":"carpediese"},"url":"https:\/\/blog.carpediese.fr\/?author=1"}]}},"_links":{"self":[{"href":"https:\/\/blog.carpediese.fr\/index.php?rest_route=\/wp\/v2\/posts\/1312","targetHints":{"allow":["GET"]}}],"collection":[{"href":"https:\/\/blog.carpediese.fr\/index.php?rest_route=\/wp\/v2\/posts"}],"about":[{"href":"https:\/\/blog.carpediese.fr\/index.php?rest_route=\/wp\/v2\/types\/post"}],"author":[{"embeddable":true,"href":"https:\/\/blog.carpediese.fr\/index.php?rest_route=\/wp\/v2\/users\/1"}],"replies":[{"embeddable":true,"href":"https:\/\/blog.carpediese.fr\/index.php?rest_route=%2Fwp%2Fv2%2Fcomments&post=1312"}],"version-history":[{"count":3,"href":"https:\/\/blog.carpediese.fr\/index.php?rest_route=\/wp\/v2\/posts\/1312\/revisions"}],"predecessor-version":[{"id":1336,"href":"https:\/\/blog.carpediese.fr\/index.php?rest_route=\/wp\/v2\/posts\/1312\/revisions\/1336"}],"wp:featuredmedia":[{"embeddable":true,"href":"https:\/\/blog.carpediese.fr\/index.php?rest_route=\/wp\/v2\/media\/1320"}],"wp:attachment":[{"href":"https:\/\/blog.carpediese.fr\/index.php?rest_route=%2Fwp%2Fv2%2Fmedia&parent=1312"}],"wp:term":[{"taxonomy":"category","embeddable":true,"href":"https:\/\/blog.carpediese.fr\/index.php?rest_route=%2Fwp%2Fv2%2Fcategories&post=1312"},{"taxonomy":"post_tag","embeddable":true,"href":"https:\/\/blog.carpediese.fr\/index.php?rest_route=%2Fwp%2Fv2%2Ftags&post=1312"}],"curies":[{"name":"wp","href":"https:\/\/api.w.org\/{rel}","templated":true}]}}