{"id":1353,"date":"2014-08-12T13:33:33","date_gmt":"2014-08-12T12:33:33","guid":{"rendered":"http:\/\/blog.carpediese.fr\/?p=1353"},"modified":"2014-09-18T11:20:39","modified_gmt":"2014-09-18T10:20:39","slug":"cours-chant-augmenter-puissance-vocale","status":"publish","type":"post","link":"https:\/\/blog.carpediese.fr\/?p=1353","title":{"rendered":"Cours de chant: augmenter sa puissance vocale"},"content":{"rendered":"<h1>Augmenter sa puissance vocale avec Jennifer Diehl<\/h1>\n<h2>Avant de commencer<\/h2>\n<p>Pour augmenter votre puissance vocale, il est important de commencer par un \u00e9chauffement. Mieux vaut \u00e9viter de chanter fort tout de suite car cela vous fatiguerait inutilement. Si vous \u00eates d\u00e9butant, il est pr\u00e9f\u00e9rable de faire ces exercices avec un professeur de chant.<\/p>\n<p>Tout votre corps doit \u00eatre engag\u00e9 dans la production d&rsquo;un son puissant. Lorsque que nous \u00abpoussons\u00bb notre voix, lorsque nous for\u00e7ons pour obtenir du volume, nous ressentons in\u00e9vitablement une tension dans la gorge. Il s&rsquo;agit d&rsquo;une constriction des cordes vocales. Voici quelques exercices qui vous donneront les bons r\u00e9flexes et les bonnes sensations afin de faire trembler les murs.<\/p>\n<h2>La technique de la puissance vocale<\/h2>\n<p><iframe loading=\"lazy\" src=\"\/\/www.youtube.com\/embed\/e6MggfD3yOM?list=UUntpY2QycWGlIHlXa1VE01Q\" width=\"560\" height=\"315\" frameborder=\"0\" allowfullscreen=\"allowfullscreen\"><\/iframe><\/p>\n<p>Avant de chercher le volume, il faut trouver la r\u00e9sonance car c&rsquo;est de la r\u00e9sonance que va naitre la puissance. Une fois que votre voix r\u00e9sonne vous pouvez r\u00e9duire ou augmenter le volume correctement. Votre instrument est compos\u00e9 de trois parties, une pompe \u00e0 air (l&rsquo; abdomen, le diaphragme, vos poumons&#8230;), une zone vibratoire (votre larynx et vos cordes vocales), une caisse de r\u00e9sonance (votre visage). Voici donc trois exercices (un par zone) pour gagner en puissance vocale:<\/p>\n<p><span style=\"text-decoration: underline;\">La pompe \u00e0 air et sa compression<\/span> : Mettez votre main sur votre nombril et faites plusieurs \u00ab S \u00bb. Vous sentez votre abdomen se compresser comme une pompe \u00e0 air. Faites des \u00ab S \u00bb \u00e0 trois volumes diff\u00e9rents, faible, moyen, fort, et vous allez sentir que la compression de votre pompe \u00e0 air est de plus en plus forte. Premi\u00e8re conclusion : pour avoir du volume, il faut compresser plus.<\/p>\n<p><span style=\"text-decoration: underline;\">La zone vibratoire<\/span> : Il est important d&rsquo;ouvrir la gorge pour ne pas cr\u00e9er de tension dans la gorge. Nous allons \u00e9carter ce que nous appelons les fausses cordes vocales ou les bandes ventriculaires \u00e0 l&rsquo;aide du son \u00ab i \u00bb. Vous allez sentir votre gorge changer de forme. Faites un \u00ab i \u00bb parl\u00e9, puis un \u00ab i \u00ab serr\u00e9 comme si vous parliez en soulevant quelque chose de tr\u00e8s lourd, puis un \u00ab i \u00bb ouvert, un peu sur un ton bourgeois (pas un son baill\u00e9). Vous sentez que votre voix gagne un peu de grave et commence d\u00e9j\u00e0 \u00e0 r\u00e9sonner un peu plus. Deuxi\u00e8me conclusion : ouvrir la gorge vous permet de d\u00e9tendre les cordes vocales et de cr\u00e9er plus d&rsquo;espace dans votre corps (comme si nous passions d&rsquo;un banjo \u00e0 une guitare classique).<\/p>\n<p><span style=\"text-decoration: underline;\">La caisse de r\u00e9sonance<\/span> : Nous allons d&rsquo;abord sentir les r\u00e9sonateurs de notre visage \u00e0 l&rsquo;aide du son \u00ab M \u00bb. Faites une pince avec vos doigts de chaque c\u00f4t\u00e9 de votre nez (\u00e0 la place des lunettes) et faites un \u00ab Mmm \u00bb comme si vous aviez votre plat pr\u00e9f\u00e9r\u00e9 devant vous.Vous sentez les vibrations dans le nez. Maintenant mettez votre 2\u00e8me main sur votre ventre (comme le premier exercice ) et faites le son MAMMM, MAMMM, MAMMM. Ouvrez bien la bouche sur le \u00ab A \u00bb et pensez \u00e0 ouvrir la gorge. Vous sentez les vibrations de votre visage ainsi que la compression de votre abdomen. R\u00e9p\u00e9tez l&rsquo;exercice \u00e0 trois volumes diff\u00e9rents, faible, moyen et fort. Vous sentez votre abdomen se compresser de plus en plus comme le premier exercice. Troisi\u00e8me conclusion : La combinaison des trois exercices vous permet d&rsquo;obtenir du volume sans tension dans la gorge. Faites r\u00e9sonner votre son avant de l&rsquo;amplifier avec un micro.<\/p>\n<h2>Besoin d&rsquo;aide?<\/h2>\n<div>Apprenez \u00e0 <a title=\"echauffement vocal\" href=\"http:\/\/blog.carpediese.fr\/?p=337\">bien \u00e9chauffer<\/a> votre voix avec Carpe Di\u00e8se!<\/div>\n<div><\/div>\n<div>Vous avez encore du mal \u00e0 augmenter la puissance de votre voix? R<a title=\"Cours de musique par webcam sur Carpe Di\u00e8se\" href=\"https:\/\/carpediese.fr\/\" target=\"_blank\">\u00e9servez un cours d&rsquo;essai sur Carpe Di\u00e8se<\/a>, nos professeurs sauront vous remettre sur la bonne voie!<\/div>\n<div><\/div>\n<div><a title=\"Cours de musique par webcam sur Carpe Di\u00e8se\" href=\"https:\/\/carpediese.fr\/\" target=\"_blank\"><img loading=\"lazy\" decoding=\"async\" class=\"size-full wp-image-1008 aligncenter\" src=\"https:\/\/blog.carpediese.fr\/wp-content\/uploads\/2023\/12\/banner-bottom-post.png\" style=\"margin-top:12px;\" alt=\"D\u00e9couvrez CarpeDiese.fr\" width=\"468\" height=\"70\" \/><\/a><\/div>\n<p>&nbsp;<\/p>\n","protected":false},"excerpt":{"rendered":"<p>Augmenter sa puissance vocale avec Jennifer Diehl Avant de commencer Pour augmenter votre puissance vocale, il est important de commencer par un \u00e9chauffement. Mieux vaut \u00e9viter de chanter fort tout de suite car cela vous fatiguerait inutilement. Si vous \u00eates d\u00e9butant, il est pr\u00e9f\u00e9rable de faire ces exercices avec un professeur de chant. Tout votre corps doit \u00eatre engag\u00e9 dans la production d&rsquo;un son puissant. Lorsque que nous \u00abpoussons\u00bb notre voix, lorsque nous for\u00e7ons pour obtenir du volume, nous ressentons in\u00e9vitablement une tension dans la gorge. Il s&rsquo;agit d&rsquo;une constriction des cordes vocales. Voici quelques exercices qui vous donneront les bons r\u00e9flexes et les bonnes sensations afin de faire trembler les murs. La technique de la puissance vocale Avant de chercher le volume, il faut trouver la r\u00e9sonance car c&rsquo;est de la r\u00e9sonance que va naitre la puissance. Une fois que votre voix r\u00e9sonne vous pouvez r\u00e9duire ou augmenter le volume correctement. Votre instrument est compos\u00e9 de trois parties, une pompe \u00e0 air (l&rsquo; abdomen, le diaphragme, vos poumons&#8230;), une&#8230;<\/p>\n","protected":false},"author":1,"featured_media":1354,"comment_status":"open","ping_status":"open","sticky":false,"template":"","format":"standard","meta":{"footnotes":""},"categories":[26],"tags":[],"class_list":["post-1353","post","type-post","status-publish","format-standard","has-post-thumbnail","hentry","category-techniques-vocales-chant"],"yoast_head":"<!-- This site is optimized with the Yoast SEO plugin v24.8.1 - https:\/\/yoast.com\/wordpress\/plugins\/seo\/ -->\n<title>Cours de chant: augmenter sa puissance vocale<\/title>\n<meta name=\"description\" content=\"Vous apprenez le chant par vous-m\u00eame? D\u00e9veloppez comment augmenter votre puissance vocale sur le blog Carpe Di\u00e8se!\" \/>\n<meta name=\"robots\" content=\"index, follow, max-snippet:-1, max-image-preview:large, max-video-preview:-1\" \/>\n<link rel=\"canonical\" href=\"https:\/\/blog.carpediese.fr\/?p=1353\" \/>\n<meta property=\"og:locale\" content=\"fr_FR\" \/>\n<meta property=\"og:type\" content=\"article\" \/>\n<meta property=\"og:title\" content=\"Cours de chant: augmenter sa puissance vocale\" \/>\n<meta property=\"og:description\" content=\"Vous apprenez le chant par vous-m\u00eame? D\u00e9veloppez comment augmenter votre puissance vocale sur le blog Carpe Di\u00e8se!\" \/>\n<meta property=\"og:url\" content=\"https:\/\/blog.carpediese.fr\/?p=1353\" \/>\n<meta property=\"og:site_name\" content=\"Carpe Di\u00e8se\" \/>\n<meta property=\"article:published_time\" content=\"2014-08-12T12:33:33+00:00\" \/>\n<meta property=\"article:modified_time\" content=\"2014-09-18T10:20:39+00:00\" \/>\n<meta property=\"og:image\" content=\"https:\/\/blog.carpediese.fr\/wp-content\/uploads\/2014\/08\/puissance-vocale.jpg\" \/>\n\t<meta property=\"og:image:width\" content=\"780\" \/>\n\t<meta property=\"og:image:height\" content=\"490\" \/>\n\t<meta property=\"og:image:type\" content=\"image\/jpeg\" \/>\n<meta name=\"author\" content=\"carpediese\" \/>\n<meta name=\"twitter:label1\" content=\"\u00c9crit par\" \/>\n\t<meta name=\"twitter:data1\" content=\"carpediese\" \/>\n\t<meta name=\"twitter:label2\" content=\"Dur\u00e9e de lecture estim\u00e9e\" \/>\n\t<meta name=\"twitter:data2\" content=\"3 minutes\" \/>\n<script type=\"application\/ld+json\" class=\"yoast-schema-graph\">{\"@context\":\"https:\/\/schema.org\",\"@graph\":[{\"@type\":\"WebPage\",\"@id\":\"https:\/\/blog.carpediese.fr\/?p=1353\",\"url\":\"https:\/\/blog.carpediese.fr\/?p=1353\",\"name\":\"Cours de chant: augmenter sa puissance vocale\",\"isPartOf\":{\"@id\":\"https:\/\/blog.carpediese.fr\/#website\"},\"primaryImageOfPage\":{\"@id\":\"https:\/\/blog.carpediese.fr\/?p=1353#primaryimage\"},\"image\":{\"@id\":\"https:\/\/blog.carpediese.fr\/?p=1353#primaryimage\"},\"thumbnailUrl\":\"https:\/\/blog.carpediese.fr\/wp-content\/uploads\/2014\/08\/puissance-vocale.jpg\",\"datePublished\":\"2014-08-12T12:33:33+00:00\",\"dateModified\":\"2014-09-18T10:20:39+00:00\",\"author\":{\"@id\":\"https:\/\/blog.carpediese.fr\/#\/schema\/person\/b82adb6ace805a7222f76771fb96fa22\"},\"description\":\"Vous apprenez le chant par vous-m\u00eame? D\u00e9veloppez comment augmenter votre puissance vocale sur le blog Carpe Di\u00e8se!\",\"inLanguage\":\"fr-FR\",\"potentialAction\":[{\"@type\":\"ReadAction\",\"target\":[\"https:\/\/blog.carpediese.fr\/?p=1353\"]}]},{\"@type\":\"ImageObject\",\"inLanguage\":\"fr-FR\",\"@id\":\"https:\/\/blog.carpediese.fr\/?p=1353#primaryimage\",\"url\":\"https:\/\/blog.carpediese.fr\/wp-content\/uploads\/2014\/08\/puissance-vocale.jpg\",\"contentUrl\":\"https:\/\/blog.carpediese.fr\/wp-content\/uploads\/2014\/08\/puissance-vocale.jpg\",\"width\":780,\"height\":490,\"caption\":\"cours de chant, puissance vocale\"},{\"@type\":\"WebSite\",\"@id\":\"https:\/\/blog.carpediese.fr\/#website\",\"url\":\"https:\/\/blog.carpediese.fr\/\",\"name\":\"Carpe Di\u00e8se\",\"description\":\"Le blog de l&#039;\u00e9cole carpediese.fr\",\"potentialAction\":[{\"@type\":\"SearchAction\",\"target\":{\"@type\":\"EntryPoint\",\"urlTemplate\":\"https:\/\/blog.carpediese.fr\/?s={search_term_string}\"},\"query-input\":{\"@type\":\"PropertyValueSpecification\",\"valueRequired\":true,\"valueName\":\"search_term_string\"}}],\"inLanguage\":\"fr-FR\"},{\"@type\":\"Person\",\"@id\":\"https:\/\/blog.carpediese.fr\/#\/schema\/person\/b82adb6ace805a7222f76771fb96fa22\",\"name\":\"carpediese\",\"image\":{\"@type\":\"ImageObject\",\"inLanguage\":\"fr-FR\",\"@id\":\"https:\/\/blog.carpediese.fr\/#\/schema\/person\/image\/\",\"url\":\"https:\/\/secure.gravatar.com\/avatar\/f539abdacac3f33f110652dbdf5bc199?s=96&d=mm&r=g\",\"contentUrl\":\"https:\/\/secure.gravatar.com\/avatar\/f539abdacac3f33f110652dbdf5bc199?s=96&d=mm&r=g\",\"caption\":\"carpediese\"},\"url\":\"https:\/\/blog.carpediese.fr\/?author=1\"}]}<\/script>\n<!-- \/ Yoast SEO plugin. -->","yoast_head_json":{"title":"Cours de chant: augmenter sa puissance vocale","description":"Vous apprenez le chant par vous-m\u00eame? D\u00e9veloppez comment augmenter votre puissance vocale sur le blog Carpe Di\u00e8se!","robots":{"index":"index","follow":"follow","max-snippet":"max-snippet:-1","max-image-preview":"max-image-preview:large","max-video-preview":"max-video-preview:-1"},"canonical":"https:\/\/blog.carpediese.fr\/?p=1353","og_locale":"fr_FR","og_type":"article","og_title":"Cours de chant: augmenter sa puissance vocale","og_description":"Vous apprenez le chant par vous-m\u00eame? D\u00e9veloppez comment augmenter votre puissance vocale sur le blog Carpe Di\u00e8se!","og_url":"https:\/\/blog.carpediese.fr\/?p=1353","og_site_name":"Carpe Di\u00e8se","article_published_time":"2014-08-12T12:33:33+00:00","article_modified_time":"2014-09-18T10:20:39+00:00","og_image":[{"width":780,"height":490,"url":"https:\/\/blog.carpediese.fr\/wp-content\/uploads\/2014\/08\/puissance-vocale.jpg","type":"image\/jpeg"}],"author":"carpediese","twitter_misc":{"\u00c9crit par":"carpediese","Dur\u00e9e de lecture estim\u00e9e":"3 minutes"},"schema":{"@context":"https:\/\/schema.org","@graph":[{"@type":"WebPage","@id":"https:\/\/blog.carpediese.fr\/?p=1353","url":"https:\/\/blog.carpediese.fr\/?p=1353","name":"Cours de chant: augmenter sa puissance vocale","isPartOf":{"@id":"https:\/\/blog.carpediese.fr\/#website"},"primaryImageOfPage":{"@id":"https:\/\/blog.carpediese.fr\/?p=1353#primaryimage"},"image":{"@id":"https:\/\/blog.carpediese.fr\/?p=1353#primaryimage"},"thumbnailUrl":"https:\/\/blog.carpediese.fr\/wp-content\/uploads\/2014\/08\/puissance-vocale.jpg","datePublished":"2014-08-12T12:33:33+00:00","dateModified":"2014-09-18T10:20:39+00:00","author":{"@id":"https:\/\/blog.carpediese.fr\/#\/schema\/person\/b82adb6ace805a7222f76771fb96fa22"},"description":"Vous apprenez le chant par vous-m\u00eame? D\u00e9veloppez comment augmenter votre puissance vocale sur le blog Carpe Di\u00e8se!","inLanguage":"fr-FR","potentialAction":[{"@type":"ReadAction","target":["https:\/\/blog.carpediese.fr\/?p=1353"]}]},{"@type":"ImageObject","inLanguage":"fr-FR","@id":"https:\/\/blog.carpediese.fr\/?p=1353#primaryimage","url":"https:\/\/blog.carpediese.fr\/wp-content\/uploads\/2014\/08\/puissance-vocale.jpg","contentUrl":"https:\/\/blog.carpediese.fr\/wp-content\/uploads\/2014\/08\/puissance-vocale.jpg","width":780,"height":490,"caption":"cours de chant, puissance vocale"},{"@type":"WebSite","@id":"https:\/\/blog.carpediese.fr\/#website","url":"https:\/\/blog.carpediese.fr\/","name":"Carpe Di\u00e8se","description":"Le blog de l&#039;\u00e9cole carpediese.fr","potentialAction":[{"@type":"SearchAction","target":{"@type":"EntryPoint","urlTemplate":"https:\/\/blog.carpediese.fr\/?s={search_term_string}"},"query-input":{"@type":"PropertyValueSpecification","valueRequired":true,"valueName":"search_term_string"}}],"inLanguage":"fr-FR"},{"@type":"Person","@id":"https:\/\/blog.carpediese.fr\/#\/schema\/person\/b82adb6ace805a7222f76771fb96fa22","name":"carpediese","image":{"@type":"ImageObject","inLanguage":"fr-FR","@id":"https:\/\/blog.carpediese.fr\/#\/schema\/person\/image\/","url":"https:\/\/secure.gravatar.com\/avatar\/f539abdacac3f33f110652dbdf5bc199?s=96&d=mm&r=g","contentUrl":"https:\/\/secure.gravatar.com\/avatar\/f539abdacac3f33f110652dbdf5bc199?s=96&d=mm&r=g","caption":"carpediese"},"url":"https:\/\/blog.carpediese.fr\/?author=1"}]}},"_links":{"self":[{"href":"https:\/\/blog.carpediese.fr\/index.php?rest_route=\/wp\/v2\/posts\/1353","targetHints":{"allow":["GET"]}}],"collection":[{"href":"https:\/\/blog.carpediese.fr\/index.php?rest_route=\/wp\/v2\/posts"}],"about":[{"href":"https:\/\/blog.carpediese.fr\/index.php?rest_route=\/wp\/v2\/types\/post"}],"author":[{"embeddable":true,"href":"https:\/\/blog.carpediese.fr\/index.php?rest_route=\/wp\/v2\/users\/1"}],"replies":[{"embeddable":true,"href":"https:\/\/blog.carpediese.fr\/index.php?rest_route=%2Fwp%2Fv2%2Fcomments&post=1353"}],"version-history":[{"count":4,"href":"https:\/\/blog.carpediese.fr\/index.php?rest_route=\/wp\/v2\/posts\/1353\/revisions"}],"predecessor-version":[{"id":1370,"href":"https:\/\/blog.carpediese.fr\/index.php?rest_route=\/wp\/v2\/posts\/1353\/revisions\/1370"}],"wp:featuredmedia":[{"embeddable":true,"href":"https:\/\/blog.carpediese.fr\/index.php?rest_route=\/wp\/v2\/media\/1354"}],"wp:attachment":[{"href":"https:\/\/blog.carpediese.fr\/index.php?rest_route=%2Fwp%2Fv2%2Fmedia&parent=1353"}],"wp:term":[{"taxonomy":"category","embeddable":true,"href":"https:\/\/blog.carpediese.fr\/index.php?rest_route=%2Fwp%2Fv2%2Fcategories&post=1353"},{"taxonomy":"post_tag","embeddable":true,"href":"https:\/\/blog.carpediese.fr\/index.php?rest_route=%2Fwp%2Fv2%2Ftags&post=1353"}],"curies":[{"name":"wp","href":"https:\/\/api.w.org\/{rel}","templated":true}]}}