{"id":198,"date":"2013-08-11T15:31:47","date_gmt":"2013-08-11T13:31:47","guid":{"rendered":"http:\/\/blog.carpediese.fr\/?p=198"},"modified":"2014-09-18T11:21:57","modified_gmt":"2014-09-18T10:21:57","slug":"les-festivals-pas-louper-au-mois-daout-2013-en-france","status":"publish","type":"post","link":"https:\/\/blog.carpediese.fr\/?p=198","title":{"rendered":"Les festivals \u00e0 ne pas louper au mois d\u2019ao\u00fbt 2013 en France"},"content":{"rendered":"<h1>Festivals 2013<\/h1>\n<p><span style=\"color: #000000;\">Le mois d\u2019ao\u00fbt a d\u00e9j\u00e0 commenc\u00e9, et vous avez peut-\u00eatre d\u00e9j\u00e0 profit\u00e9 des festivals du mois de juillet\u2026 \u00a0ou vous les avez loup\u00e9\u00a0? Dans ces deux cas, pas de panique, Carpe Di\u00e8se vous propose une s\u00e9lection des festivals fran\u00e7ais \u00e0 ne pas manquer pour cette fin d\u2019\u00e9t\u00e9.<\/span><\/p>\n<h2><span style=\"color: #000000;\"><a title=\"Site du festival Interceltique de Lorient\" href=\"http:\/\/www.festival-interceltique.com\/\" target=\"_blank\"><span style=\"color: #000000;\">Festival Interceltique de Lorient<\/span><\/a><\/span><\/h2>\n<p><span style=\"color: #000000;\"><a href=\"http:\/\/blog.carpediese.fr\/wp-content\/uploads\/2013\/09\/tumblr_inline_mr1yu2jXdR1qz4rgp.jpg\"><span style=\"color: #000000;\"><img loading=\"lazy\" decoding=\"async\" class=\"size-medium wp-image-201 aligncenter\" title=\"Festival Interceltique de Lorient\" src=\"http:\/\/blog.carpediese.fr\/wp-content\/uploads\/2013\/09\/tumblr_inline_mr1yu2jXdR1qz4rgp-300x165.jpg\" alt=\"Festival Interceltique de Lorient\" width=\"300\" height=\"165\" srcset=\"https:\/\/blog.carpediese.fr\/wp-content\/uploads\/2013\/09\/tumblr_inline_mr1yu2jXdR1qz4rgp-300x165.jpg 300w, https:\/\/blog.carpediese.fr\/wp-content\/uploads\/2013\/09\/tumblr_inline_mr1yu2jXdR1qz4rgp.jpg 500w\" sizes=\"auto, (max-width: 300px) 100vw, 300px\" \/><\/span><\/a><\/span><\/p>\n<div>\n<p><span style=\"color: #000000;\"><a style=\"font-size: 13px;\" title=\"Programme interceltique Lorient\" href=\"http:\/\/www.festival-interceltique.com\/programmation\/\" target=\"_blank\"><span style=\"color: #000000;\"><em>Voir la programmation<\/em><\/span><\/a><\/span><\/p>\n<p><span style=\"color: #000000;\">Dates\u00a0: Vendredi 2 ao\u00fbt au jeudi 11 ao\u00fbt<\/span><\/p>\n<p><span style=\"color: #000000;\">Lieu\u00a0: Lorient (56)<\/span><\/p>\n<p><span style=\"color: #000000;\">Horaires\u00a0: toute la journ\u00e9e \u00e0 partir de 10h<\/span><\/p>\n<p><span style=\"color: #000000;\">Prix\u00a0: gratuit ou payant selon les spectacles (de 8 \u00e0 50 euros)<\/span><\/p>\n<p><span style=\"color: #000000;\"><em><a title=\"Tarifs du festival Interceltique de Lorient\" href=\"http:\/\/www.festival-interceltique.com\/billetterie.cfm\" target=\"_blank\"><span style=\"color: #000000;\">Voir les tarifs<\/span><\/a><\/em><\/span><\/p>\n<p><span style=\"color: #000000;\">Description\u00a0: Le Festival Interceltique touche toutes les formes de musiques issues des pays celtiques, des chants mill\u00e9naires au folk, au rock, au jazz, en passant par les oeuvres symphoniques.<\/span><\/p>\n<h2><span style=\"color: #000000;\"><a title=\"Site du festival La Route du Rock\" href=\"http:\/\/www.laroutedurock.com\/\" target=\"_blank\"><span style=\"color: #000000;\">La Route Du Rock<\/span><\/a><\/span><\/h2>\n<p style=\"text-align: center;\"><span style=\"color: #000000;\">\u00a0<a href=\"http:\/\/blog.carpediese.fr\/wp-content\/uploads\/2013\/09\/tumblr_inline_mr1z7hAzEL1qz4rgp.jpg\"><span style=\"color: #000000;\"><img loading=\"lazy\" decoding=\"async\" class=\"size-medium wp-image-202 aligncenter\" title=\"La route du Rock\" src=\"http:\/\/blog.carpediese.fr\/wp-content\/uploads\/2013\/09\/tumblr_inline_mr1z7hAzEL1qz4rgp-300x300.jpg\" alt=\"La route du Rock\" width=\"300\" height=\"300\" srcset=\"https:\/\/blog.carpediese.fr\/wp-content\/uploads\/2013\/09\/tumblr_inline_mr1z7hAzEL1qz4rgp-300x300.jpg 300w, https:\/\/blog.carpediese.fr\/wp-content\/uploads\/2013\/09\/tumblr_inline_mr1z7hAzEL1qz4rgp-150x150.jpg 150w, https:\/\/blog.carpediese.fr\/wp-content\/uploads\/2013\/09\/tumblr_inline_mr1z7hAzEL1qz4rgp.jpg 500w\" sizes=\"auto, (max-width: 300px) 100vw, 300px\" \/><\/span><\/a><\/span><\/p>\n<p><span style=\"color: #000000;\"><a title=\"Programmation La Route du Rock\" href=\"http:\/\/www.laroutedurock.com\/programmation-rdre2013\/\" target=\"_blank\"><span style=\"color: #000000;\"><em>Voir la programmation<\/em><\/span><\/a><\/span><\/p>\n<p><span style=\"color: #000000;\">Dates\u00a0: Mercredi 15 ao\u00fbt au samedi 17 ao\u00fbt<\/span><\/p>\n<p><span style=\"color: #000000;\">Lieu\u00a0: Saint-Malo (35)<\/span><\/p>\n<p><span style=\"color: #000000;\">Horaires\u00a0: \u00e0 partir de 14h30<\/span><\/p>\n<p><span style=\"color: #000000;\">Prix\u00a0: gratuit ou payant selon les sc\u00e8nes (de 17 \u00e0 79 euros)<\/span><\/p>\n<p><span style=\"color: #000000;\"><em><a title=\"Tarifs festival La Route du Rock\" href=\"http:\/\/www.laroutedurock.com\/billetterie\/\" target=\"_blank\"><span style=\"color: #000000;\">Voir les tarifs<\/span><\/a><\/em><\/span><\/p>\n<p><span style=\"color: #000000;\">Description\u00a0: La route du rock met en place 10 sc\u00e8nes dans un esprit \u00e9lectro, pop avec une th\u00e9matique majoritairement punk.<\/span><\/p>\n<h2><span style=\"color: #000000;\"><a title=\"Site du Cabaret Vert\" href=\"http:\/\/www.cabaretvert.com\/\" target=\"_blank\"><span style=\"color: #000000;\">Le Cabaret Vert<\/span><\/a><\/span><\/h2>\n<p style=\"text-align: center;\"><span style=\"color: #000000;\">\u00a0<a href=\"http:\/\/blog.carpediese.fr\/wp-content\/uploads\/2013\/09\/tumblr_inline_mr21zalkbd1qz4rgp.jpg\"><span style=\"color: #000000;\"><img loading=\"lazy\" decoding=\"async\" class=\"size-medium wp-image-203 aligncenter\" title=\"Le cabaret vert\" src=\"http:\/\/blog.carpediese.fr\/wp-content\/uploads\/2013\/09\/tumblr_inline_mr21zalkbd1qz4rgp-300x300.jpg\" alt=\"Le cabaret vert\" width=\"300\" height=\"300\" srcset=\"https:\/\/blog.carpediese.fr\/wp-content\/uploads\/2013\/09\/tumblr_inline_mr21zalkbd1qz4rgp-300x300.jpg 300w, https:\/\/blog.carpediese.fr\/wp-content\/uploads\/2013\/09\/tumblr_inline_mr21zalkbd1qz4rgp-150x150.jpg 150w, https:\/\/blog.carpediese.fr\/wp-content\/uploads\/2013\/09\/tumblr_inline_mr21zalkbd1qz4rgp.jpg 500w\" sizes=\"auto, (max-width: 300px) 100vw, 300px\" \/><\/span><\/a><\/span><\/p>\n<p><span style=\"color: #000000;\"><a title=\"Programmation Le Cabaret Vert\" href=\"http:\/\/www.cabaretvert.com\/prog.php\" target=\"_blank\"><span style=\"color: #000000;\"><em>Voir la programmation<\/em><\/span><\/a><\/span><\/p>\n<p><span style=\"color: #000000;\">Dates\u00a0: Jeudi 22 ao\u00fbt au dimanche 25 ao\u00fbt<\/span><\/p>\n<p><span style=\"color: #000000;\">Lieu\u00a0: Charleville-M\u00e9zi\u00e8res (08)<\/span><\/p>\n<p><span style=\"color: #000000;\">Horaires\u00a0: \u00e0 partir de 17h le jeudi, puis \u00e0 partir de 14h les autres jours<\/span><\/p>\n<p><span style=\"color: #000000;\">Prix\u00a0: Billet 1 jour (29 euros), Pass 3 jours (50 euros), Pass 4 jours (75 euros)<\/span><\/p>\n<p><span style=\"color: #000000;\"><em><a title=\"Tarifs du Cabaret Vert\" href=\"http:\/\/www.cabaretvert.com\/billetterie.php\" target=\"_blank\"><span style=\"color: #000000;\">Voir les tarifs<\/span><\/a><\/em><\/span><\/p>\n<p><span style=\"color: #000000;\">Description\u00a0: Le Festival Cabaret Vert est un festival de musique rock et regroupant, outre les concerts de musique, un village associatif, divers ateliers artistiques tels que des diffusions de courts m\u00e9trages, des expositions de peinture, des ateliers de jonglerie, du th\u00e9\u00e2tre de rue, du graff, un festival de bandes dessin\u00e9es, \u2026<\/span><\/p>\n<h2><span style=\"color: #000000;\"><a title=\"Site de la foire aux vins de Colmar\" href=\"http:\/\/www.foire-colmar.com\/\" target=\"_blank\"><span style=\"color: #000000;\">La Foire aux Vins de Colmar<\/span><\/a><\/span><\/h2>\n<p style=\"text-align: center;\"><span style=\"color: #000000;\">\u00a0<a href=\"http:\/\/blog.carpediese.fr\/wp-content\/uploads\/2013\/09\/tumblr_inline_mr224u2nub1qz4rgp.jpg\"><span style=\"color: #000000;\"><img loading=\"lazy\" decoding=\"async\" class=\"size-medium wp-image-206 aligncenter\" title=\"La foire aux vins de Colmar\" src=\"http:\/\/blog.carpediese.fr\/wp-content\/uploads\/2013\/09\/tumblr_inline_mr224u2nub1qz4rgp-233x300.jpg\" alt=\"La foire aux vins de Colmar\" width=\"233\" height=\"300\" srcset=\"https:\/\/blog.carpediese.fr\/wp-content\/uploads\/2013\/09\/tumblr_inline_mr224u2nub1qz4rgp-233x300.jpg 233w, https:\/\/blog.carpediese.fr\/wp-content\/uploads\/2013\/09\/tumblr_inline_mr224u2nub1qz4rgp.jpg 350w\" sizes=\"auto, (max-width: 233px) 100vw, 233px\" \/><\/span><\/a><\/span><\/p>\n<p><span style=\"color: #000000;\"><a title=\"Programmation La foire aux vins de Colmar\" href=\"http:\/\/www.foire-colmar.com\/fr\/programmation-festival\/\" target=\"_blank\"><span style=\"color: #000000;\"><em>Voir la programmation<\/em><\/span><\/a><\/span><\/p>\n<p><span style=\"color: #000000;\">Dates\u00a0: Vendredi 9 ao\u00fbt au dimanche 18 ao\u00fbt<\/span><\/p>\n<p><span style=\"color: #000000;\">Lieu\u00a0: Colmar (68)<\/span><\/p>\n<p><span style=\"color: #000000;\">Horaires\u00a0: \u00e0 partir de 20h (variable selon les jours)<\/span><\/p>\n<p><span style=\"color: #000000;\">Prix\u00a0: de 31 \u00e0 60 euros selon les concerts<\/span><\/p>\n<p><span style=\"color: #000000;\"><em><a title=\"Tarifs de la foire aux vins de Colmar\" href=\"http:\/\/www.aparteweb.com\/awprod\/cofv\/awcatalog.aspx?ins=cofv\" target=\"_blank\"><span style=\"color: #000000;\">Voir les tarifs<\/span><\/a><\/em><\/span><\/p>\n<p><span style=\"color: #000000;\">Description\u00a0: La foire aux vins de Colmar rassemble de nombreux artistes internationaux et nationaux dans tous les styles. Cette ann\u00e9e vous retrouverez Emile et Image, Michel Sardou, Patrick Bruel, Deep Purple, Snoop Dogg, Sexion d\u2019Assaut, Skip the use, \u2026<\/span><\/p>\n<h2><span style=\"color: #000000;\"><a title=\"Site du festival Rock en Seine\" href=\"http:\/\/www.rockenseine.com\/\" target=\"_blank\"><span style=\"color: #000000;\">Rock en Seine<\/span><\/a><\/span><\/h2>\n<p style=\"text-align: center;\"><span style=\"color: #000000;\">\u00a0<a href=\"http:\/\/blog.carpediese.fr\/wp-content\/uploads\/2013\/09\/tumblr_inline_mr228uTbm71qz4rgp.jpg\"><span style=\"color: #000000;\"><img loading=\"lazy\" decoding=\"async\" class=\"size-medium wp-image-207 aligncenter\" title=\"Rock en Seine\" src=\"http:\/\/blog.carpediese.fr\/wp-content\/uploads\/2013\/09\/tumblr_inline_mr228uTbm71qz4rgp-300x198.jpg\" alt=\"Rock en Seine\" width=\"300\" height=\"198\" srcset=\"https:\/\/blog.carpediese.fr\/wp-content\/uploads\/2013\/09\/tumblr_inline_mr228uTbm71qz4rgp-300x198.jpg 300w, https:\/\/blog.carpediese.fr\/wp-content\/uploads\/2013\/09\/tumblr_inline_mr228uTbm71qz4rgp.jpg 500w\" sizes=\"auto, (max-width: 300px) 100vw, 300px\" \/><\/span><\/a><\/span><\/p>\n<p><span style=\"color: #000000;\"><a title=\"Programmation du festival Rock en Seine\" href=\"http:\/\/www.rockenseine.com\/artistes\/programme\/\" target=\"_blank\"><span style=\"color: #000000;\"><em>Voir la programmation<\/em><\/span><\/a><\/span><\/p>\n<p><span style=\"color: #000000;\">Dates\u00a0: Vendredi 23 ao\u00fbt au dimanche 25 ao\u00fbt<\/span><\/p>\n<p><span style=\"color: #000000;\">Lieu\u00a0: Domaine National de Saint Cloud (92)<\/span><\/p>\n<p><span style=\"color: #000000;\">Horaires\u00a0: \u00e0 partir de 15h30 (variables selon les sc\u00e8nes)<\/span><\/p>\n<p><span style=\"color: #000000;\">Prix\u00a0: Pass 1 jour\u00a0: 49 euros \u2013 Pass 3 jours 109 euros<\/span><\/p>\n<p><span style=\"color: #000000;\"><em><a title=\"Tarifs de festival Rock en Seine\" href=\"http:\/\/www.rockenseine.com\/billetterie\/billetterie-festival\/\" target=\"_blank\"><span style=\"color: #000000;\">Voir les tarifs<\/span><\/a><\/em><\/span><\/p>\n<p><span style=\"color: #000000;\">Description\u00a0: C\u2019est le dernier grand rendez-vous Rock, \u00e9lectro-rock, pop-rock, ou m\u00e9tal de l\u2019\u00e9t\u00e9. Des artistes comme System of a Down ou encore Phoenix seront pr\u00e9sents.<\/span><\/p>\n<h2><span style=\"color: #000000;\"><a title=\"Festival Jazz in Marciac\" href=\"http:\/\/www.jazzinmarciac.com\/\" target=\"_blank\"><span style=\"color: #000000;\">Jazz in Marciac<\/span><\/a><\/span><\/h2>\n<p style=\"text-align: center;\"><span style=\"color: #000000;\">\u00a0<a href=\"http:\/\/blog.carpediese.fr\/wp-content\/uploads\/2013\/09\/tumblr_inline_mr22f7IgTn1qz4rgp.jpg\"><span style=\"color: #000000;\"><img loading=\"lazy\" decoding=\"async\" class=\"size-medium wp-image-204 aligncenter\" title=\"Jazz in Marciac\" src=\"http:\/\/blog.carpediese.fr\/wp-content\/uploads\/2013\/09\/tumblr_inline_mr22f7IgTn1qz4rgp-300x228.jpg\" alt=\"Jazz in Marciac\" width=\"300\" height=\"228\" srcset=\"https:\/\/blog.carpediese.fr\/wp-content\/uploads\/2013\/09\/tumblr_inline_mr22f7IgTn1qz4rgp-300x228.jpg 300w, https:\/\/blog.carpediese.fr\/wp-content\/uploads\/2013\/09\/tumblr_inline_mr22f7IgTn1qz4rgp.jpg 460w\" sizes=\"auto, (max-width: 300px) 100vw, 300px\" \/><\/span><\/a><\/span><\/p>\n<p><span style=\"color: #000000;\"><a title=\"Programmation du festival Jazz in Marciac\" href=\"http:\/\/www.jazzinmarciac.com\/spectacles\/jazz-in-marciac\" target=\"_blank\"><span style=\"color: #000000;\"><em>Voir la programmation<\/em><\/span><\/a><\/span><\/p>\n<p><span style=\"color: #000000;\">Dates\u00a0: Vendredi 26 juillet au jeudi 15 ao\u00fbt<\/span><\/p>\n<p><span style=\"color: #000000;\">Lieu\u00a0: Marciac (32)<\/span><\/p>\n<p><span style=\"color: #000000;\">Horaires\u00a0: \u00e0 partir de 21h<\/span><\/p>\n<p><span style=\"color: #000000;\">Prix\u00a0: Variables selon les concerts<\/span><\/p>\n<p><span style=\"color: #000000;\"><em><a title=\"Tarifs du festival Jazz in Marciac\" href=\"http:\/\/www.jazzinmarciac.com\/la-billetterie\" target=\"_blank\"><span style=\"color: #000000;\">Voir les tarifs<\/span><\/a><\/em><\/span><\/p>\n<p><span style=\"color: #000000;\">Description\u00a0: La ville de Marciac organise chaque ann\u00e9e l\u2019un des plus grands festivals de jazz en France. \u00a0Cette ann\u00e9e seront pr\u00e9sents des musiciens de renomm\u00e9es internationales de renomm\u00e9e internationale\u00a0: Diana Krall, Wayne Shorter, George Benson, Ravi Coltrane et de nombreuses figures \u00e9mergentes de la sc\u00e8ne jazz mondiale, comme Virginie Techeyn\u00e9, Robert Cray ou encore Shai Maestro, \u2026<\/span><\/p>\n<h2><span style=\"color: #000000;\"><a title=\"Site du Crest Jazz Vocal festival\" href=\"http:\/\/www.crestjazzvocal.com\/\" target=\"_blank\"><span style=\"color: #000000;\">Crest Jazz Vocal Festival<\/span><\/a><\/span><\/h2>\n<p><span style=\"color: #000000;\"><a href=\"http:\/\/blog.carpediese.fr\/wp-content\/uploads\/2013\/09\/tumblr_inline_mr22ip2ngO1qz4rgp.jpg\"><span style=\"color: #000000;\"><img loading=\"lazy\" decoding=\"async\" class=\"size-medium wp-image-205 aligncenter\" title=\"Crest jazz vocal\" src=\"http:\/\/blog.carpediese.fr\/wp-content\/uploads\/2013\/09\/tumblr_inline_mr22ip2ngO1qz4rgp-300x199.jpg\" alt=\"Crest jazz vocal\" width=\"300\" height=\"199\" srcset=\"https:\/\/blog.carpediese.fr\/wp-content\/uploads\/2013\/09\/tumblr_inline_mr22ip2ngO1qz4rgp-300x199.jpg 300w, https:\/\/blog.carpediese.fr\/wp-content\/uploads\/2013\/09\/tumblr_inline_mr22ip2ngO1qz4rgp.jpg 400w\" sizes=\"auto, (max-width: 300px) 100vw, 300px\" \/><\/span><\/a><\/span><\/p>\n<p><span style=\"color: #000000;\"><a title=\"Programmation du Crest Jazz Vocal festival\" href=\"http:\/\/www.crestjazzvocal.com\/programmation-festival\" target=\"_blank\"><span style=\"color: #000000;\"><em>Voir la programmation<\/em><\/span><\/a><\/span><\/p>\n<p><span style=\"color: #000000;\">Dates\u00a0: Vendredi 2 ao\u00fbt au samedi 10 ao\u00fbt<\/span><\/p>\n<p><span style=\"color: #000000;\">Lieu\u00a0: Crest (26)<\/span><\/p>\n<p><span style=\"color: #000000;\">Horaires\u00a0: \u00e0 partir de 20h\/21h<\/span><\/p>\n<p><span style=\"color: #000000;\">Prix\u00a0: Variables selon les spectacles<\/span><\/p>\n<p><span style=\"color: #000000;\"><em><a title=\"Tarifs du Crest Jazz Vocal festival\" href=\"http:\/\/www.crestjazzvocal.com\/component\/content\/article\/20-billetterie\/18-tarifs\" target=\"_blank\"><span style=\"color: #000000;\">Voir les tarifs<\/span><\/a><\/em><\/span><\/p>\n<p><span style=\"color: #000000;\">Description\u00a0: Le festival de Crest s\u2019adresse aux amoureux du Jazz pour leur faire vivre une semaine de concerts.<\/span><\/p>\n<\/div>\n","protected":false},"excerpt":{"rendered":"<p>Festivals 2013 Le mois d\u2019ao\u00fbt a d\u00e9j\u00e0 commenc\u00e9, et vous avez peut-\u00eatre d\u00e9j\u00e0 profit\u00e9 des festivals du mois de juillet\u2026 \u00a0ou vous les avez loup\u00e9\u00a0? Dans ces deux cas, pas de panique, Carpe Di\u00e8se vous propose une s\u00e9lection des festivals fran\u00e7ais \u00e0 ne pas manquer pour cette fin d\u2019\u00e9t\u00e9. Festival Interceltique de Lorient Voir la programmation Dates\u00a0: Vendredi 2 ao\u00fbt au jeudi 11 ao\u00fbt Lieu\u00a0: Lorient (56) Horaires\u00a0: toute la journ\u00e9e \u00e0 partir de 10h Prix\u00a0: gratuit ou payant selon les spectacles (de 8 \u00e0 50 euros) Voir les tarifs Description\u00a0: Le Festival Interceltique touche toutes les formes de musiques issues des pays celtiques, des chants mill\u00e9naires au folk, au rock, au jazz, en passant par les oeuvres symphoniques. La Route Du Rock \u00a0 Voir la programmation Dates\u00a0: Mercredi 15 ao\u00fbt au samedi 17 ao\u00fbt Lieu\u00a0: Saint-Malo (35) Horaires\u00a0: \u00e0 partir de 14h30 Prix\u00a0: gratuit ou payant selon les sc\u00e8nes (de 17 \u00e0 79 euros) Voir les tarifs Description\u00a0: La route du rock met en place 10 sc\u00e8nes dans un&#8230;<\/p>\n","protected":false},"author":1,"featured_media":200,"comment_status":"open","ping_status":"open","sticky":false,"template":"","format":"standard","meta":{"footnotes":""},"categories":[34],"tags":[56],"class_list":["post-198","post","type-post","status-publish","format-standard","has-post-thumbnail","hentry","category-actualites","tag-evenements-2"],"yoast_head":"<!-- This site is optimized with the Yoast SEO plugin v24.8.1 - https:\/\/yoast.com\/wordpress\/plugins\/seo\/ -->\n<title>Les festivals \u00e0 ne pas louper au mois d\u2019ao\u00fbt 2013 en France<\/title>\n<meta name=\"description\" content=\"Les festivals \u00e0 ne pas louper au mois d\u2019ao\u00fbt 2013 en France - Blog Carpe Di\u00e8se\" \/>\n<meta name=\"robots\" content=\"index, follow, max-snippet:-1, max-image-preview:large, max-video-preview:-1\" \/>\n<link rel=\"canonical\" href=\"https:\/\/blog.carpediese.fr\/?p=198\" \/>\n<meta property=\"og:locale\" content=\"fr_FR\" \/>\n<meta property=\"og:type\" content=\"article\" \/>\n<meta property=\"og:title\" content=\"Les festivals \u00e0 ne pas louper au mois d\u2019ao\u00fbt 2013 en France\" \/>\n<meta property=\"og:description\" content=\"Les festivals \u00e0 ne pas louper au mois d\u2019ao\u00fbt 2013 en France - Blog Carpe Di\u00e8se\" \/>\n<meta property=\"og:url\" content=\"https:\/\/blog.carpediese.fr\/?p=198\" \/>\n<meta property=\"og:site_name\" content=\"Carpe Di\u00e8se\" \/>\n<meta property=\"article:published_time\" content=\"2013-08-11T13:31:47+00:00\" \/>\n<meta property=\"article:modified_time\" content=\"2014-09-18T10:21:57+00:00\" \/>\n<meta property=\"og:image\" content=\"https:\/\/blog.carpediese.fr\/wp-content\/uploads\/2013\/09\/concert.jpg\" \/>\n\t<meta property=\"og:image:width\" content=\"454\" \/>\n\t<meta property=\"og:image:height\" content=\"310\" \/>\n\t<meta property=\"og:image:type\" content=\"image\/jpeg\" \/>\n<meta name=\"author\" content=\"carpediese\" \/>\n<meta name=\"twitter:label1\" content=\"\u00c9crit par\" \/>\n\t<meta name=\"twitter:data1\" content=\"carpediese\" \/>\n\t<meta name=\"twitter:label2\" content=\"Dur\u00e9e de lecture estim\u00e9e\" \/>\n\t<meta name=\"twitter:data2\" content=\"3 minutes\" \/>\n<script type=\"application\/ld+json\" class=\"yoast-schema-graph\">{\"@context\":\"https:\/\/schema.org\",\"@graph\":[{\"@type\":\"WebPage\",\"@id\":\"https:\/\/blog.carpediese.fr\/?p=198\",\"url\":\"https:\/\/blog.carpediese.fr\/?p=198\",\"name\":\"Les festivals \u00e0 ne pas louper au mois d\u2019ao\u00fbt 2013 en France\",\"isPartOf\":{\"@id\":\"https:\/\/blog.carpediese.fr\/#website\"},\"primaryImageOfPage\":{\"@id\":\"https:\/\/blog.carpediese.fr\/?p=198#primaryimage\"},\"image\":{\"@id\":\"https:\/\/blog.carpediese.fr\/?p=198#primaryimage\"},\"thumbnailUrl\":\"https:\/\/blog.carpediese.fr\/wp-content\/uploads\/2013\/09\/concert.jpg\",\"datePublished\":\"2013-08-11T13:31:47+00:00\",\"dateModified\":\"2014-09-18T10:21:57+00:00\",\"author\":{\"@id\":\"https:\/\/blog.carpediese.fr\/#\/schema\/person\/b82adb6ace805a7222f76771fb96fa22\"},\"description\":\"Les festivals \u00e0 ne pas louper au mois d\u2019ao\u00fbt 2013 en France - Blog Carpe Di\u00e8se\",\"inLanguage\":\"fr-FR\",\"potentialAction\":[{\"@type\":\"ReadAction\",\"target\":[\"https:\/\/blog.carpediese.fr\/?p=198\"]}]},{\"@type\":\"ImageObject\",\"inLanguage\":\"fr-FR\",\"@id\":\"https:\/\/blog.carpediese.fr\/?p=198#primaryimage\",\"url\":\"https:\/\/blog.carpediese.fr\/wp-content\/uploads\/2013\/09\/concert.jpg\",\"contentUrl\":\"https:\/\/blog.carpediese.fr\/wp-content\/uploads\/2013\/09\/concert.jpg\",\"width\":454,\"height\":310},{\"@type\":\"WebSite\",\"@id\":\"https:\/\/blog.carpediese.fr\/#website\",\"url\":\"https:\/\/blog.carpediese.fr\/\",\"name\":\"Carpe Di\u00e8se\",\"description\":\"Le blog de l&#039;\u00e9cole carpediese.fr\",\"potentialAction\":[{\"@type\":\"SearchAction\",\"target\":{\"@type\":\"EntryPoint\",\"urlTemplate\":\"https:\/\/blog.carpediese.fr\/?s={search_term_string}\"},\"query-input\":{\"@type\":\"PropertyValueSpecification\",\"valueRequired\":true,\"valueName\":\"search_term_string\"}}],\"inLanguage\":\"fr-FR\"},{\"@type\":\"Person\",\"@id\":\"https:\/\/blog.carpediese.fr\/#\/schema\/person\/b82adb6ace805a7222f76771fb96fa22\",\"name\":\"carpediese\",\"image\":{\"@type\":\"ImageObject\",\"inLanguage\":\"fr-FR\",\"@id\":\"https:\/\/blog.carpediese.fr\/#\/schema\/person\/image\/\",\"url\":\"https:\/\/secure.gravatar.com\/avatar\/f539abdacac3f33f110652dbdf5bc199?s=96&d=mm&r=g\",\"contentUrl\":\"https:\/\/secure.gravatar.com\/avatar\/f539abdacac3f33f110652dbdf5bc199?s=96&d=mm&r=g\",\"caption\":\"carpediese\"},\"url\":\"https:\/\/blog.carpediese.fr\/?author=1\"}]}<\/script>\n<!-- \/ Yoast SEO plugin. -->","yoast_head_json":{"title":"Les festivals \u00e0 ne pas louper au mois d\u2019ao\u00fbt 2013 en France","description":"Les festivals \u00e0 ne pas louper au mois d\u2019ao\u00fbt 2013 en France - Blog Carpe Di\u00e8se","robots":{"index":"index","follow":"follow","max-snippet":"max-snippet:-1","max-image-preview":"max-image-preview:large","max-video-preview":"max-video-preview:-1"},"canonical":"https:\/\/blog.carpediese.fr\/?p=198","og_locale":"fr_FR","og_type":"article","og_title":"Les festivals \u00e0 ne pas louper au mois d\u2019ao\u00fbt 2013 en France","og_description":"Les festivals \u00e0 ne pas louper au mois d\u2019ao\u00fbt 2013 en France - Blog Carpe Di\u00e8se","og_url":"https:\/\/blog.carpediese.fr\/?p=198","og_site_name":"Carpe Di\u00e8se","article_published_time":"2013-08-11T13:31:47+00:00","article_modified_time":"2014-09-18T10:21:57+00:00","og_image":[{"width":454,"height":310,"url":"https:\/\/blog.carpediese.fr\/wp-content\/uploads\/2013\/09\/concert.jpg","type":"image\/jpeg"}],"author":"carpediese","twitter_misc":{"\u00c9crit par":"carpediese","Dur\u00e9e de lecture estim\u00e9e":"3 minutes"},"schema":{"@context":"https:\/\/schema.org","@graph":[{"@type":"WebPage","@id":"https:\/\/blog.carpediese.fr\/?p=198","url":"https:\/\/blog.carpediese.fr\/?p=198","name":"Les festivals \u00e0 ne pas louper au mois d\u2019ao\u00fbt 2013 en France","isPartOf":{"@id":"https:\/\/blog.carpediese.fr\/#website"},"primaryImageOfPage":{"@id":"https:\/\/blog.carpediese.fr\/?p=198#primaryimage"},"image":{"@id":"https:\/\/blog.carpediese.fr\/?p=198#primaryimage"},"thumbnailUrl":"https:\/\/blog.carpediese.fr\/wp-content\/uploads\/2013\/09\/concert.jpg","datePublished":"2013-08-11T13:31:47+00:00","dateModified":"2014-09-18T10:21:57+00:00","author":{"@id":"https:\/\/blog.carpediese.fr\/#\/schema\/person\/b82adb6ace805a7222f76771fb96fa22"},"description":"Les festivals \u00e0 ne pas louper au mois d\u2019ao\u00fbt 2013 en France - Blog Carpe Di\u00e8se","inLanguage":"fr-FR","potentialAction":[{"@type":"ReadAction","target":["https:\/\/blog.carpediese.fr\/?p=198"]}]},{"@type":"ImageObject","inLanguage":"fr-FR","@id":"https:\/\/blog.carpediese.fr\/?p=198#primaryimage","url":"https:\/\/blog.carpediese.fr\/wp-content\/uploads\/2013\/09\/concert.jpg","contentUrl":"https:\/\/blog.carpediese.fr\/wp-content\/uploads\/2013\/09\/concert.jpg","width":454,"height":310},{"@type":"WebSite","@id":"https:\/\/blog.carpediese.fr\/#website","url":"https:\/\/blog.carpediese.fr\/","name":"Carpe Di\u00e8se","description":"Le blog de l&#039;\u00e9cole carpediese.fr","potentialAction":[{"@type":"SearchAction","target":{"@type":"EntryPoint","urlTemplate":"https:\/\/blog.carpediese.fr\/?s={search_term_string}"},"query-input":{"@type":"PropertyValueSpecification","valueRequired":true,"valueName":"search_term_string"}}],"inLanguage":"fr-FR"},{"@type":"Person","@id":"https:\/\/blog.carpediese.fr\/#\/schema\/person\/b82adb6ace805a7222f76771fb96fa22","name":"carpediese","image":{"@type":"ImageObject","inLanguage":"fr-FR","@id":"https:\/\/blog.carpediese.fr\/#\/schema\/person\/image\/","url":"https:\/\/secure.gravatar.com\/avatar\/f539abdacac3f33f110652dbdf5bc199?s=96&d=mm&r=g","contentUrl":"https:\/\/secure.gravatar.com\/avatar\/f539abdacac3f33f110652dbdf5bc199?s=96&d=mm&r=g","caption":"carpediese"},"url":"https:\/\/blog.carpediese.fr\/?author=1"}]}},"_links":{"self":[{"href":"https:\/\/blog.carpediese.fr\/index.php?rest_route=\/wp\/v2\/posts\/198","targetHints":{"allow":["GET"]}}],"collection":[{"href":"https:\/\/blog.carpediese.fr\/index.php?rest_route=\/wp\/v2\/posts"}],"about":[{"href":"https:\/\/blog.carpediese.fr\/index.php?rest_route=\/wp\/v2\/types\/post"}],"author":[{"embeddable":true,"href":"https:\/\/blog.carpediese.fr\/index.php?rest_route=\/wp\/v2\/users\/1"}],"replies":[{"embeddable":true,"href":"https:\/\/blog.carpediese.fr\/index.php?rest_route=%2Fwp%2Fv2%2Fcomments&post=198"}],"version-history":[{"count":7,"href":"https:\/\/blog.carpediese.fr\/index.php?rest_route=\/wp\/v2\/posts\/198\/revisions"}],"predecessor-version":[{"id":1388,"href":"https:\/\/blog.carpediese.fr\/index.php?rest_route=\/wp\/v2\/posts\/198\/revisions\/1388"}],"wp:featuredmedia":[{"embeddable":true,"href":"https:\/\/blog.carpediese.fr\/index.php?rest_route=\/wp\/v2\/media\/200"}],"wp:attachment":[{"href":"https:\/\/blog.carpediese.fr\/index.php?rest_route=%2Fwp%2Fv2%2Fmedia&parent=198"}],"wp:term":[{"taxonomy":"category","embeddable":true,"href":"https:\/\/blog.carpediese.fr\/index.php?rest_route=%2Fwp%2Fv2%2Fcategories&post=198"},{"taxonomy":"post_tag","embeddable":true,"href":"https:\/\/blog.carpediese.fr\/index.php?rest_route=%2Fwp%2Fv2%2Ftags&post=198"}],"curies":[{"name":"wp","href":"https:\/\/api.w.org\/{rel}","templated":true}]}}