{"id":211,"date":"2013-08-05T15:37:41","date_gmt":"2013-08-05T13:37:41","guid":{"rendered":"http:\/\/blog.carpediese.fr\/?p=211"},"modified":"2014-09-18T11:22:40","modified_gmt":"2014-09-18T10:22:40","slug":"les-festivals-parisiens-lete-2013","status":"publish","type":"post","link":"https:\/\/blog.carpediese.fr\/?p=211","title":{"rendered":"Les festivals parisiens de l&rsquo;\u00e9t\u00e9 2013"},"content":{"rendered":"<p>L\u2019\u00e9t\u00e9 est synonyme de soleil, de chaleur, et forc\u00e9ment de festivit\u00e9s\u2026 Carpe Di\u00e8se vous propose sa s\u00e9lection des festivals \u00e0 ne pas louper sur Paris pour les mois de juillet et ao\u00fbt. Lesquels sauront vous s\u00e9duire\u00a0?<\/p>\n<h2><strong>Paris Jazz Festival<\/strong><\/h2>\n<p style=\"text-align: center;\">\u00a0<a href=\"http:\/\/blog.carpediese.fr\/wp-content\/uploads\/2013\/09\/tumblr_inline_mpzktgQjA31qz4rgp.jpg\"><img loading=\"lazy\" decoding=\"async\" class=\"size-medium wp-image-212 aligncenter\" title=\"Paris jazz festival\" src=\"http:\/\/blog.carpediese.fr\/wp-content\/uploads\/2013\/09\/tumblr_inline_mpzktgQjA31qz4rgp-202x300.jpg\" alt=\"Paris jazz festival\" width=\"202\" height=\"300\" srcset=\"https:\/\/blog.carpediese.fr\/wp-content\/uploads\/2013\/09\/tumblr_inline_mpzktgQjA31qz4rgp-202x300.jpg 202w, https:\/\/blog.carpediese.fr\/wp-content\/uploads\/2013\/09\/tumblr_inline_mpzktgQjA31qz4rgp.jpg 300w\" sizes=\"auto, (max-width: 202px) 100vw, 202px\" \/><\/a><\/p>\n<p>Dates\u00a0: Samedi 8 juin jusqu\u2019au dimanche 28 juillet<\/p>\n<p>Lieu\u00a0: Parc Floral de Paris<\/p>\n<p>Horaire\u00a0: 13h30 et 15h30<\/p>\n<p>Description\u00a0: Riche en d\u00e9couvertes et en m\u00e9tissages musicaux, le festival pr\u00e9sente 31 concerts programm\u00e9s sur 8 week-ends. Les amateurs de jazz seront combl\u00e9s par les deux sc\u00e8nes install\u00e9es, dont une flottante, implant\u00e9es au c\u0153ur de la nature.<\/p>\n<p><a href=\"http:\/\/www.parisetudiant.com\/etudiant\/sortie\/paris-jazz-festival.html\" target=\"_blank\">Plus d\u2019informations<\/a><\/p>\n<h2><strong>Fnac Live Festival<\/strong><\/h2>\n<p style=\"text-align: center;\">\u00a0<a href=\"http:\/\/blog.carpediese.fr\/wp-content\/uploads\/2013\/09\/tumblr_inline_mpzkurNDX71qz4rgp.jpg\"><img loading=\"lazy\" decoding=\"async\" class=\"size-medium wp-image-213 aligncenter\" title=\"Festival Fnac Live\" src=\"http:\/\/blog.carpediese.fr\/wp-content\/uploads\/2013\/09\/tumblr_inline_mpzkurNDX71qz4rgp-236x300.jpg\" alt=\"Festival Fnac Live\" width=\"236\" height=\"300\" srcset=\"https:\/\/blog.carpediese.fr\/wp-content\/uploads\/2013\/09\/tumblr_inline_mpzkurNDX71qz4rgp-236x300.jpg 236w, https:\/\/blog.carpediese.fr\/wp-content\/uploads\/2013\/09\/tumblr_inline_mpzkurNDX71qz4rgp.jpg 300w\" sizes=\"auto, (max-width: 236px) 100vw, 236px\" \/><\/a><\/p>\n<p>Dates: Jeudi 18 juillet au dimanche 21 juillet<\/p>\n<p>Lieu: Parvis de l\u2019h\u00f4tel de ville (Mairie de Paris)<\/p>\n<p>Prix\u00a0: Gratuit<\/p>\n<p>Description: Les concerts gratuits de Paris Plages. Le festival Ind\u00e9pendance change de nom et devient le Fnac Live Festival. Le concept reste le m\u00eame mais en plus court avec 4 concerts qui r\u00e9uniront 32 artistes pour des soir\u00e9es inoubliables.<\/p>\n<p><a href=\"http:\/\/www.parisetudiant.com\/etudiant\/sortie\/concerts-paris-plage-festival-fnac-live.html\" target=\"_blank\">Plus d\u2019informations<\/a><\/p>\n<h2><strong>Rock en Seine<\/strong><\/h2>\n<p><a href=\"http:\/\/blog.carpediese.fr\/wp-content\/uploads\/2013\/09\/tumblr_inline_mr228uTbm71qz4rgp.jpg\"><img loading=\"lazy\" decoding=\"async\" class=\"size-medium wp-image-207 aligncenter\" title=\"Rock en Seine\" src=\"http:\/\/blog.carpediese.fr\/wp-content\/uploads\/2013\/09\/tumblr_inline_mr228uTbm71qz4rgp-300x198.jpg\" alt=\"Rock en Seine\" width=\"300\" height=\"198\" srcset=\"https:\/\/blog.carpediese.fr\/wp-content\/uploads\/2013\/09\/tumblr_inline_mr228uTbm71qz4rgp-300x198.jpg 300w, https:\/\/blog.carpediese.fr\/wp-content\/uploads\/2013\/09\/tumblr_inline_mr228uTbm71qz4rgp.jpg 500w\" sizes=\"auto, (max-width: 300px) 100vw, 300px\" \/><\/a><\/p>\n<p>Dates: Vendredi 23 ao\u00fbt au dimanche 25 ao\u00fbt<\/p>\n<p>Lieu: Domaine national de Saint Cloud<\/p>\n<p>Tarif\u00a0: Pass 1 jour\u00a0: 49 euros \u2013 Pass 3 jours 109 euros<\/p>\n<p>Description: C\u2019est le dernier grand rendez-vous Rock, \u00e9lectro-rock, pop-rock, ou m\u00e9tal de l\u2019\u00e9t\u00e9. Des artistes comme System of a Down ou encore Phoenix seront pr\u00e9sents.<\/p>\n<p><a href=\"http:\/\/www.parisetudiant.com\/etudiant\/sortie\/festival-rock-en-seine-paris-saint-cloud.html\" target=\"_blank\">Plus d\u2019informations<\/a><\/p>\n<h2><strong>Festival Europ\u00e9en jeunes Talents<\/strong><\/h2>\n<p style=\"text-align: center;\">\u00a0<a href=\"http:\/\/blog.carpediese.fr\/wp-content\/uploads\/2013\/09\/tumblr_inline_mpzkx39jvC1qz4rgp.jpg\"><img loading=\"lazy\" decoding=\"async\" class=\"size-medium wp-image-214 aligncenter\" title=\"Festival europ\u00e9en des jeunes talents\" src=\"http:\/\/blog.carpediese.fr\/wp-content\/uploads\/2013\/09\/tumblr_inline_mpzkx39jvC1qz4rgp-229x300.jpg\" alt=\"Festival europ\u00e9en des jeunes talents\" width=\"229\" height=\"300\" srcset=\"https:\/\/blog.carpediese.fr\/wp-content\/uploads\/2013\/09\/tumblr_inline_mpzkx39jvC1qz4rgp-229x300.jpg 229w, https:\/\/blog.carpediese.fr\/wp-content\/uploads\/2013\/09\/tumblr_inline_mpzkx39jvC1qz4rgp.jpg 300w\" sizes=\"auto, (max-width: 229px) 100vw, 229px\" \/><\/a><\/p>\n<p>Dates: Dimanche 7 juillet au Samedi 27 juillet<\/p>\n<p>Lieu: Archives nationales \u2013 H\u00f4tel de Soubise<\/p>\n<p>Horaire\u00a0: Du mardi au vendredi \u00e0 20h, dimanche \u00e0 18h<\/p>\n<p>Tarif\u00a0: de 7 \u00e0 18 euros<\/p>\n<p>Description: Ce festival met les femmes \u00e0 l\u2019honneur, elles y interpr\u00e8tent les plus belles pages de la musique classique, baroque, ou contemporaine.<\/p>\n<p><a href=\"http:\/\/www.parisetudiant.com\/etudiant\/sortie\/festival-europeen-jeunes-talents-1.html\" target=\"_blank\">Plus d\u2019informations<\/a><\/p>\n<h2><strong>Les Siestes Electroniques \u00e0 Paris<\/strong><\/h2>\n<p style=\"text-align: center;\">\u00a0<a href=\"http:\/\/blog.carpediese.fr\/wp-content\/uploads\/2013\/09\/tumblr_inline_mpzkxyXGSi1qz4rgp.jpg\"><img loading=\"lazy\" decoding=\"async\" class=\"size-full wp-image-215 aligncenter\" title=\"Les Siestes Electroniques \u00e0 Paris\" src=\"http:\/\/blog.carpediese.fr\/wp-content\/uploads\/2013\/09\/tumblr_inline_mpzkxyXGSi1qz4rgp.jpg\" alt=\"Les Siestes Electroniques \u00e0 Paris\" width=\"300\" height=\"200\" \/><\/a><\/p>\n<p>Dates: Dimanche 7 juillet au 28 juillet<\/p>\n<p>Lieu: Mus\u00e9e du quai Branly<\/p>\n<p>Horaire\u00a0: Le dimanche \u00e0 partir de 16h<\/p>\n<p>Tarif\u00a0: gratuit<\/p>\n<p>Description: Les Siestes Electroniques et le Mus\u00e9e du Quai Branly s\u2019associent pour proposer une d\u00e9clinaison originale de la manifestation toulousaine. Fruit d\u2019une triple r\u00e9flexion autour des th\u00e8mes de la diversit\u00e9 culturelle, du nomadisme et de la lenteur, le projet propose chaque ann\u00e9e \u00e0 une petite dizaine de musiciens un acc\u00e8s exceptionnel au fond audio du mus\u00e9e.<\/p>\n<p><a href=\"http:\/\/www.parisetudiant.com\/etudiant\/sortie\/les-siestes-electroniques-musee-du-quai-branly.html\" target=\"_blank\">Plus d\u2019informations<\/a><\/p>\n<h2><strong>Les Solistes aux Serres d\u2019Auteuil<\/strong><\/h2>\n<p style=\"text-align: center;\">\u00a0<a href=\"http:\/\/blog.carpediese.fr\/wp-content\/uploads\/2013\/09\/tumblr_inline_mpzkz7cetZ1qz4rgp.jpg\"><img loading=\"lazy\" decoding=\"async\" class=\"size-full wp-image-216 aligncenter\" title=\"Les Solistes aux Serres d\u2019Auteuil\" src=\"http:\/\/blog.carpediese.fr\/wp-content\/uploads\/2013\/09\/tumblr_inline_mpzkz7cetZ1qz4rgp.jpg\" alt=\"Les Solistes aux Serres d\u2019Auteuil\" width=\"180\" height=\"265\" \/><\/a><\/p>\n<p>Date\u00a0: samedi 24 ao\u00fbt au dimanche 8 septembre<\/p>\n<p>Lieu\u00a0: Orangerie du Parc de Bagatelle<\/p>\n<p>Horaire\u00a0: 15h, 17h, 19h<\/p>\n<p>Tarif\u00a0: Entre 10 et 60 euros<\/p>\n<p>Description\u00a0: Le festival soutient la cr\u00e9ation des jeunes musiciens autour du piano dans l\u2019univers de la musique classique.<\/p>\n<p><a href=\"http:\/\/www.parisetudiant.com\/etudiant\/sortie\/les-solistes-aux-serres-d-auteui.html\" target=\"_blank\">Plus d\u2019information<\/a><\/p>\n","protected":false},"excerpt":{"rendered":"<p>L\u2019\u00e9t\u00e9 est synonyme de soleil, de chaleur, et forc\u00e9ment de festivit\u00e9s\u2026 Carpe Di\u00e8se vous propose sa s\u00e9lection des festivals \u00e0 ne pas louper sur Paris pour les mois de juillet et ao\u00fbt. Lesquels sauront vous s\u00e9duire\u00a0? Paris Jazz Festival \u00a0 Dates\u00a0: Samedi 8 juin jusqu\u2019au dimanche 28 juillet Lieu\u00a0: Parc Floral de Paris Horaire\u00a0: 13h30 et 15h30 Description\u00a0: Riche en d\u00e9couvertes et en m\u00e9tissages musicaux, le festival pr\u00e9sente 31 concerts programm\u00e9s sur 8 week-ends. Les amateurs de jazz seront combl\u00e9s par les deux sc\u00e8nes install\u00e9es, dont une flottante, implant\u00e9es au c\u0153ur de la nature. Plus d\u2019informations Fnac Live Festival \u00a0 Dates: Jeudi 18 juillet au dimanche 21 juillet Lieu: Parvis de l\u2019h\u00f4tel de ville (Mairie de Paris) Prix\u00a0: Gratuit Description: Les concerts gratuits de Paris Plages. Le festival Ind\u00e9pendance change de nom et devient le Fnac Live Festival. Le concept reste le m\u00eame mais en plus court avec 4 concerts qui r\u00e9uniront 32 artistes pour des soir\u00e9es inoubliables. Plus d\u2019informations Rock en Seine Dates: Vendredi 23 ao\u00fbt au dimanche 25&#8230;<\/p>\n","protected":false},"author":1,"featured_media":217,"comment_status":"open","ping_status":"open","sticky":false,"template":"","format":"standard","meta":{"footnotes":""},"categories":[34],"tags":[56],"class_list":["post-211","post","type-post","status-publish","format-standard","has-post-thumbnail","hentry","category-actualites","tag-evenements-2"],"yoast_head":"<!-- This site is optimized with the Yoast SEO plugin v24.8.1 - https:\/\/yoast.com\/wordpress\/plugins\/seo\/ -->\n<title>Les festivals parisiens de l&#039;\u00e9t\u00e9 2013 - Blog Carpe Di\u00e8se<\/title>\n<meta name=\"description\" content=\"Les festivals parisiens de l&#039;\u00e9t\u00e9 2013 - Blog Carpe Di\u00e8se\" \/>\n<meta name=\"robots\" content=\"index, follow, max-snippet:-1, max-image-preview:large, max-video-preview:-1\" \/>\n<link rel=\"canonical\" href=\"https:\/\/blog.carpediese.fr\/?p=211\" \/>\n<meta property=\"og:locale\" content=\"fr_FR\" \/>\n<meta property=\"og:type\" content=\"article\" \/>\n<meta property=\"og:title\" content=\"Les festivals parisiens de l&#039;\u00e9t\u00e9 2013 - Blog Carpe Di\u00e8se\" \/>\n<meta property=\"og:description\" content=\"Les festivals parisiens de l&#039;\u00e9t\u00e9 2013 - Blog Carpe Di\u00e8se\" \/>\n<meta property=\"og:url\" content=\"https:\/\/blog.carpediese.fr\/?p=211\" \/>\n<meta property=\"og:site_name\" content=\"Carpe Di\u00e8se\" \/>\n<meta property=\"article:published_time\" content=\"2013-08-05T13:37:41+00:00\" \/>\n<meta property=\"article:modified_time\" content=\"2014-09-18T10:22:40+00:00\" \/>\n<meta property=\"og:image\" content=\"https:\/\/blog.carpediese.fr\/wp-content\/uploads\/2013\/09\/rock-en-seine.jpg\" \/>\n\t<meta property=\"og:image:width\" content=\"768\" \/>\n\t<meta property=\"og:image:height\" content=\"512\" \/>\n\t<meta property=\"og:image:type\" content=\"image\/jpeg\" \/>\n<meta name=\"author\" content=\"carpediese\" \/>\n<meta name=\"twitter:label1\" content=\"\u00c9crit par\" \/>\n\t<meta name=\"twitter:data1\" content=\"carpediese\" \/>\n\t<meta name=\"twitter:label2\" content=\"Dur\u00e9e de lecture estim\u00e9e\" \/>\n\t<meta name=\"twitter:data2\" content=\"2 minutes\" \/>\n<script type=\"application\/ld+json\" class=\"yoast-schema-graph\">{\"@context\":\"https:\/\/schema.org\",\"@graph\":[{\"@type\":\"WebPage\",\"@id\":\"https:\/\/blog.carpediese.fr\/?p=211\",\"url\":\"https:\/\/blog.carpediese.fr\/?p=211\",\"name\":\"Les festivals parisiens de l'\u00e9t\u00e9 2013 - Blog Carpe Di\u00e8se\",\"isPartOf\":{\"@id\":\"https:\/\/blog.carpediese.fr\/#website\"},\"primaryImageOfPage\":{\"@id\":\"https:\/\/blog.carpediese.fr\/?p=211#primaryimage\"},\"image\":{\"@id\":\"https:\/\/blog.carpediese.fr\/?p=211#primaryimage\"},\"thumbnailUrl\":\"https:\/\/blog.carpediese.fr\/wp-content\/uploads\/2013\/09\/rock-en-seine.jpg\",\"datePublished\":\"2013-08-05T13:37:41+00:00\",\"dateModified\":\"2014-09-18T10:22:40+00:00\",\"author\":{\"@id\":\"https:\/\/blog.carpediese.fr\/#\/schema\/person\/b82adb6ace805a7222f76771fb96fa22\"},\"description\":\"Les festivals parisiens de l'\u00e9t\u00e9 2013 - Blog Carpe Di\u00e8se\",\"inLanguage\":\"fr-FR\",\"potentialAction\":[{\"@type\":\"ReadAction\",\"target\":[\"https:\/\/blog.carpediese.fr\/?p=211\"]}]},{\"@type\":\"ImageObject\",\"inLanguage\":\"fr-FR\",\"@id\":\"https:\/\/blog.carpediese.fr\/?p=211#primaryimage\",\"url\":\"https:\/\/blog.carpediese.fr\/wp-content\/uploads\/2013\/09\/rock-en-seine.jpg\",\"contentUrl\":\"https:\/\/blog.carpediese.fr\/wp-content\/uploads\/2013\/09\/rock-en-seine.jpg\",\"width\":768,\"height\":512},{\"@type\":\"WebSite\",\"@id\":\"https:\/\/blog.carpediese.fr\/#website\",\"url\":\"https:\/\/blog.carpediese.fr\/\",\"name\":\"Carpe Di\u00e8se\",\"description\":\"Le blog de l&#039;\u00e9cole carpediese.fr\",\"potentialAction\":[{\"@type\":\"SearchAction\",\"target\":{\"@type\":\"EntryPoint\",\"urlTemplate\":\"https:\/\/blog.carpediese.fr\/?s={search_term_string}\"},\"query-input\":{\"@type\":\"PropertyValueSpecification\",\"valueRequired\":true,\"valueName\":\"search_term_string\"}}],\"inLanguage\":\"fr-FR\"},{\"@type\":\"Person\",\"@id\":\"https:\/\/blog.carpediese.fr\/#\/schema\/person\/b82adb6ace805a7222f76771fb96fa22\",\"name\":\"carpediese\",\"image\":{\"@type\":\"ImageObject\",\"inLanguage\":\"fr-FR\",\"@id\":\"https:\/\/blog.carpediese.fr\/#\/schema\/person\/image\/\",\"url\":\"https:\/\/secure.gravatar.com\/avatar\/f539abdacac3f33f110652dbdf5bc199?s=96&d=mm&r=g\",\"contentUrl\":\"https:\/\/secure.gravatar.com\/avatar\/f539abdacac3f33f110652dbdf5bc199?s=96&d=mm&r=g\",\"caption\":\"carpediese\"},\"url\":\"https:\/\/blog.carpediese.fr\/?author=1\"}]}<\/script>\n<!-- \/ Yoast SEO plugin. -->","yoast_head_json":{"title":"Les festivals parisiens de l'\u00e9t\u00e9 2013 - Blog Carpe Di\u00e8se","description":"Les festivals parisiens de l'\u00e9t\u00e9 2013 - Blog Carpe Di\u00e8se","robots":{"index":"index","follow":"follow","max-snippet":"max-snippet:-1","max-image-preview":"max-image-preview:large","max-video-preview":"max-video-preview:-1"},"canonical":"https:\/\/blog.carpediese.fr\/?p=211","og_locale":"fr_FR","og_type":"article","og_title":"Les festivals parisiens de l'\u00e9t\u00e9 2013 - Blog Carpe Di\u00e8se","og_description":"Les festivals parisiens de l'\u00e9t\u00e9 2013 - Blog Carpe Di\u00e8se","og_url":"https:\/\/blog.carpediese.fr\/?p=211","og_site_name":"Carpe Di\u00e8se","article_published_time":"2013-08-05T13:37:41+00:00","article_modified_time":"2014-09-18T10:22:40+00:00","og_image":[{"width":768,"height":512,"url":"https:\/\/blog.carpediese.fr\/wp-content\/uploads\/2013\/09\/rock-en-seine.jpg","type":"image\/jpeg"}],"author":"carpediese","twitter_misc":{"\u00c9crit par":"carpediese","Dur\u00e9e de lecture estim\u00e9e":"2 minutes"},"schema":{"@context":"https:\/\/schema.org","@graph":[{"@type":"WebPage","@id":"https:\/\/blog.carpediese.fr\/?p=211","url":"https:\/\/blog.carpediese.fr\/?p=211","name":"Les festivals parisiens de l'\u00e9t\u00e9 2013 - Blog Carpe Di\u00e8se","isPartOf":{"@id":"https:\/\/blog.carpediese.fr\/#website"},"primaryImageOfPage":{"@id":"https:\/\/blog.carpediese.fr\/?p=211#primaryimage"},"image":{"@id":"https:\/\/blog.carpediese.fr\/?p=211#primaryimage"},"thumbnailUrl":"https:\/\/blog.carpediese.fr\/wp-content\/uploads\/2013\/09\/rock-en-seine.jpg","datePublished":"2013-08-05T13:37:41+00:00","dateModified":"2014-09-18T10:22:40+00:00","author":{"@id":"https:\/\/blog.carpediese.fr\/#\/schema\/person\/b82adb6ace805a7222f76771fb96fa22"},"description":"Les festivals parisiens de l'\u00e9t\u00e9 2013 - Blog Carpe Di\u00e8se","inLanguage":"fr-FR","potentialAction":[{"@type":"ReadAction","target":["https:\/\/blog.carpediese.fr\/?p=211"]}]},{"@type":"ImageObject","inLanguage":"fr-FR","@id":"https:\/\/blog.carpediese.fr\/?p=211#primaryimage","url":"https:\/\/blog.carpediese.fr\/wp-content\/uploads\/2013\/09\/rock-en-seine.jpg","contentUrl":"https:\/\/blog.carpediese.fr\/wp-content\/uploads\/2013\/09\/rock-en-seine.jpg","width":768,"height":512},{"@type":"WebSite","@id":"https:\/\/blog.carpediese.fr\/#website","url":"https:\/\/blog.carpediese.fr\/","name":"Carpe Di\u00e8se","description":"Le blog de l&#039;\u00e9cole carpediese.fr","potentialAction":[{"@type":"SearchAction","target":{"@type":"EntryPoint","urlTemplate":"https:\/\/blog.carpediese.fr\/?s={search_term_string}"},"query-input":{"@type":"PropertyValueSpecification","valueRequired":true,"valueName":"search_term_string"}}],"inLanguage":"fr-FR"},{"@type":"Person","@id":"https:\/\/blog.carpediese.fr\/#\/schema\/person\/b82adb6ace805a7222f76771fb96fa22","name":"carpediese","image":{"@type":"ImageObject","inLanguage":"fr-FR","@id":"https:\/\/blog.carpediese.fr\/#\/schema\/person\/image\/","url":"https:\/\/secure.gravatar.com\/avatar\/f539abdacac3f33f110652dbdf5bc199?s=96&d=mm&r=g","contentUrl":"https:\/\/secure.gravatar.com\/avatar\/f539abdacac3f33f110652dbdf5bc199?s=96&d=mm&r=g","caption":"carpediese"},"url":"https:\/\/blog.carpediese.fr\/?author=1"}]}},"_links":{"self":[{"href":"https:\/\/blog.carpediese.fr\/index.php?rest_route=\/wp\/v2\/posts\/211","targetHints":{"allow":["GET"]}}],"collection":[{"href":"https:\/\/blog.carpediese.fr\/index.php?rest_route=\/wp\/v2\/posts"}],"about":[{"href":"https:\/\/blog.carpediese.fr\/index.php?rest_route=\/wp\/v2\/types\/post"}],"author":[{"embeddable":true,"href":"https:\/\/blog.carpediese.fr\/index.php?rest_route=\/wp\/v2\/users\/1"}],"replies":[{"embeddable":true,"href":"https:\/\/blog.carpediese.fr\/index.php?rest_route=%2Fwp%2Fv2%2Fcomments&post=211"}],"version-history":[{"count":2,"href":"https:\/\/blog.carpediese.fr\/index.php?rest_route=\/wp\/v2\/posts\/211\/revisions"}],"predecessor-version":[{"id":1389,"href":"https:\/\/blog.carpediese.fr\/index.php?rest_route=\/wp\/v2\/posts\/211\/revisions\/1389"}],"wp:featuredmedia":[{"embeddable":true,"href":"https:\/\/blog.carpediese.fr\/index.php?rest_route=\/wp\/v2\/media\/217"}],"wp:attachment":[{"href":"https:\/\/blog.carpediese.fr\/index.php?rest_route=%2Fwp%2Fv2%2Fmedia&parent=211"}],"wp:term":[{"taxonomy":"category","embeddable":true,"href":"https:\/\/blog.carpediese.fr\/index.php?rest_route=%2Fwp%2Fv2%2Fcategories&post=211"},{"taxonomy":"post_tag","embeddable":true,"href":"https:\/\/blog.carpediese.fr\/index.php?rest_route=%2Fwp%2Fv2%2Ftags&post=211"}],"curies":[{"name":"wp","href":"https:\/\/api.w.org\/{rel}","templated":true}]}}