{"id":219,"date":"2013-08-04T15:45:27","date_gmt":"2013-08-04T13:45:27","guid":{"rendered":"http:\/\/blog.carpediese.fr\/?p=219"},"modified":"2014-09-18T11:22:50","modified_gmt":"2014-09-18T10:22:50","slug":"219","status":"publish","type":"post","link":"https:\/\/blog.carpediese.fr\/?p=219","title":{"rendered":"Le soleil, la plage, et votre guitare!"},"content":{"rendered":"<h1>Atelier th\u00e9matique avec Dorian Chamoin<\/h1>\n<p>Cet \u00e9t\u00e9, Dorian Chamoin, artiste et professeur de guitare chez Carpe Di\u00e8se vous invite \u00e0 participer \u00e0 ses ateliers th\u00e9matiques de guitare. Comme pour les ateliers de piano, ils vous sont propos\u00e9s \u00e0 distance et vous seront donc accessibles o\u00f9 que vous soyez.<\/p>\n<p style=\"text-align: center;\">\u00a0<a href=\"http:\/\/blog.carpediese.fr\/wp-content\/uploads\/2013\/09\/dorian-chamoin2.jpg\"><img loading=\"lazy\" decoding=\"async\" class=\"size-medium wp-image-220 aligncenter\" title=\"dorian-chamoin\" src=\"http:\/\/blog.carpediese.fr\/wp-content\/uploads\/2013\/09\/dorian-chamoin2-199x300.jpg\" alt=\"dorian-chamoin\" width=\"199\" height=\"300\" srcset=\"https:\/\/blog.carpediese.fr\/wp-content\/uploads\/2013\/09\/dorian-chamoin2-199x300.jpg 199w, https:\/\/blog.carpediese.fr\/wp-content\/uploads\/2013\/09\/dorian-chamoin2-682x1024.jpg 682w, https:\/\/blog.carpediese.fr\/wp-content\/uploads\/2013\/09\/dorian-chamoin2.jpg 691w\" sizes=\"auto, (max-width: 199px) 100vw, 199px\" \/><\/a><\/p>\n<h2><strong>Qu\u2019est qu\u2019un atelier\u00a0?<\/strong><\/h2>\n<p>Un atelier c\u2019est deux cours de 1h20, dispens\u00e9s sur deux semaines cons\u00e9cutives, autour d\u2019un th\u00e8me particulier propos\u00e9 par le professeur.<\/p>\n<h2><strong>Les ateliers propos\u00e9s<\/strong><\/h2>\n<p>Pour les d\u00e9butants\u00a0:\u00a0les mercredis 24 et 31 juillet, l\u2019atelier \u00ab\u00a0Initiation \u00e0 la guitare\u00a0\u00bb vous familiarisera avec l\u2019instrument, vous vous initierez aux bases du rythme et de la lecture de notes, tout en jouant de la guitare sur un morceau.<\/p>\n<p><a title=\"Atelier Initiation \u00e0 la guitare\" href=\"http:\/\/carpediese.fr\/detail_session\/571?pack_id=8\" target=\"_blank\">Je r\u00e9serve l\u2019atelier \u00ab\u00a0Initiation \u00e0 la guitare\u00a0\u00bb<\/a><\/p>\n<p>Pour les initi\u00e9s\u00a0:\u00a0les mardis 30 juillet et 6 ao\u00fbt, l\u2019atelier \u00ab\u00a0Ind\u00e9pendance chant\/guitare\u00a0\u00bb vous permettra de chanter tout en jouant de la guitare. Dorian vous donnera les meilleurs conseils pour vous permettre de devenir des artistes complets.<\/p>\n<p><a title=\"Atelier Ind\u00e9pendance Chant\/Guitare\" href=\"http:\/\/carpediese.fr\/detail_session\/572?pack_id=8\" target=\"_blank\">Je r\u00e9serve l\u2019atelier \u00ab\u00a0Ind\u00e9pendance chant\/guitare\u00a0\u00bb<\/a><\/p>\n<h2><strong>Les tarifs<\/strong><\/h2>\n<p>Chaque atelier est propos\u00e9 au tarif de 69,90\u20ac<\/p>\n","protected":false},"excerpt":{"rendered":"<p>Atelier th\u00e9matique avec Dorian Chamoin Cet \u00e9t\u00e9, Dorian Chamoin, artiste et professeur de guitare chez Carpe Di\u00e8se vous invite \u00e0 participer \u00e0 ses ateliers th\u00e9matiques de guitare. Comme pour les ateliers de piano, ils vous sont propos\u00e9s \u00e0 distance et vous seront donc accessibles o\u00f9 que vous soyez. \u00a0 Qu\u2019est qu\u2019un atelier\u00a0? Un atelier c\u2019est deux cours de 1h20, dispens\u00e9s sur deux semaines cons\u00e9cutives, autour d\u2019un th\u00e8me particulier propos\u00e9 par le professeur. Les ateliers propos\u00e9s Pour les d\u00e9butants\u00a0:\u00a0les mercredis 24 et 31 juillet, l\u2019atelier \u00ab\u00a0Initiation \u00e0 la guitare\u00a0\u00bb vous familiarisera avec l\u2019instrument, vous vous initierez aux bases du rythme et de la lecture de notes, tout en jouant de la guitare sur un morceau. Je r\u00e9serve l\u2019atelier \u00ab\u00a0Initiation \u00e0 la guitare\u00a0\u00bb Pour les initi\u00e9s\u00a0:\u00a0les mardis 30 juillet et 6 ao\u00fbt, l\u2019atelier \u00ab\u00a0Ind\u00e9pendance chant\/guitare\u00a0\u00bb vous permettra de chanter tout en jouant de la guitare. Dorian vous donnera les meilleurs conseils pour vous permettre de devenir des artistes complets. Je r\u00e9serve l\u2019atelier \u00ab\u00a0Ind\u00e9pendance chant\/guitare\u00a0\u00bb Les tarifs Chaque atelier est propos\u00e9 au tarif&#8230;<\/p>\n","protected":false},"author":1,"featured_media":220,"comment_status":"open","ping_status":"open","sticky":false,"template":"","format":"standard","meta":{"footnotes":""},"categories":[34],"tags":[61,57,58],"class_list":["post-219","post","type-post","status-publish","format-standard","has-post-thumbnail","hentry","category-actualites","tag-actualite-ecole","tag-actualite-guitare","tag-atelier-guitare"],"yoast_head":"<!-- This site is optimized with the Yoast SEO plugin v24.8.1 - https:\/\/yoast.com\/wordpress\/plugins\/seo\/ -->\n<title>Le soleil, la plage, et votre guitare - Blog Carpe Di\u00e8se<\/title>\n<meta name=\"description\" content=\"Dorian Chamoin, professeur de guitare \u00e0 Carpe Di\u00e8se, vous invite \u00e0 ses ateliers th\u00e9matiques cet \u00e9t\u00e9.\" \/>\n<meta name=\"robots\" content=\"index, follow, max-snippet:-1, max-image-preview:large, max-video-preview:-1\" \/>\n<link rel=\"canonical\" href=\"https:\/\/blog.carpediese.fr\/?p=219\" \/>\n<meta property=\"og:locale\" content=\"fr_FR\" \/>\n<meta property=\"og:type\" content=\"article\" \/>\n<meta property=\"og:title\" content=\"Le soleil, la plage, et votre guitare - Blog Carpe Di\u00e8se\" \/>\n<meta property=\"og:description\" content=\"Dorian Chamoin, professeur de guitare \u00e0 Carpe Di\u00e8se, vous invite \u00e0 ses ateliers th\u00e9matiques cet \u00e9t\u00e9.\" \/>\n<meta property=\"og:url\" content=\"https:\/\/blog.carpediese.fr\/?p=219\" \/>\n<meta property=\"og:site_name\" content=\"Carpe Di\u00e8se\" \/>\n<meta property=\"article:published_time\" content=\"2013-08-04T13:45:27+00:00\" \/>\n<meta property=\"article:modified_time\" content=\"2014-09-18T10:22:50+00:00\" \/>\n<meta property=\"og:image\" content=\"https:\/\/blog.carpediese.fr\/wp-content\/uploads\/2013\/09\/dorian-chamoin2.jpg\" \/>\n\t<meta property=\"og:image:width\" content=\"691\" \/>\n\t<meta property=\"og:image:height\" content=\"1037\" \/>\n\t<meta property=\"og:image:type\" content=\"image\/jpeg\" \/>\n<meta name=\"author\" content=\"carpediese\" \/>\n<meta name=\"twitter:label1\" content=\"\u00c9crit par\" \/>\n\t<meta name=\"twitter:data1\" content=\"carpediese\" \/>\n\t<meta name=\"twitter:label2\" content=\"Dur\u00e9e de lecture estim\u00e9e\" \/>\n\t<meta name=\"twitter:data2\" content=\"1 minute\" \/>\n<script type=\"application\/ld+json\" class=\"yoast-schema-graph\">{\"@context\":\"https:\/\/schema.org\",\"@graph\":[{\"@type\":\"WebPage\",\"@id\":\"https:\/\/blog.carpediese.fr\/?p=219\",\"url\":\"https:\/\/blog.carpediese.fr\/?p=219\",\"name\":\"Le soleil, la plage, et votre guitare - Blog Carpe Di\u00e8se\",\"isPartOf\":{\"@id\":\"https:\/\/blog.carpediese.fr\/#website\"},\"primaryImageOfPage\":{\"@id\":\"https:\/\/blog.carpediese.fr\/?p=219#primaryimage\"},\"image\":{\"@id\":\"https:\/\/blog.carpediese.fr\/?p=219#primaryimage\"},\"thumbnailUrl\":\"https:\/\/blog.carpediese.fr\/wp-content\/uploads\/2013\/09\/dorian-chamoin2.jpg\",\"datePublished\":\"2013-08-04T13:45:27+00:00\",\"dateModified\":\"2014-09-18T10:22:50+00:00\",\"author\":{\"@id\":\"https:\/\/blog.carpediese.fr\/#\/schema\/person\/b82adb6ace805a7222f76771fb96fa22\"},\"description\":\"Dorian Chamoin, professeur de guitare \u00e0 Carpe Di\u00e8se, vous invite \u00e0 ses ateliers th\u00e9matiques cet \u00e9t\u00e9.\",\"inLanguage\":\"fr-FR\",\"potentialAction\":[{\"@type\":\"ReadAction\",\"target\":[\"https:\/\/blog.carpediese.fr\/?p=219\"]}]},{\"@type\":\"ImageObject\",\"inLanguage\":\"fr-FR\",\"@id\":\"https:\/\/blog.carpediese.fr\/?p=219#primaryimage\",\"url\":\"https:\/\/blog.carpediese.fr\/wp-content\/uploads\/2013\/09\/dorian-chamoin2.jpg\",\"contentUrl\":\"https:\/\/blog.carpediese.fr\/wp-content\/uploads\/2013\/09\/dorian-chamoin2.jpg\",\"width\":691,\"height\":1037},{\"@type\":\"WebSite\",\"@id\":\"https:\/\/blog.carpediese.fr\/#website\",\"url\":\"https:\/\/blog.carpediese.fr\/\",\"name\":\"Carpe Di\u00e8se\",\"description\":\"Le blog de l&#039;\u00e9cole carpediese.fr\",\"potentialAction\":[{\"@type\":\"SearchAction\",\"target\":{\"@type\":\"EntryPoint\",\"urlTemplate\":\"https:\/\/blog.carpediese.fr\/?s={search_term_string}\"},\"query-input\":{\"@type\":\"PropertyValueSpecification\",\"valueRequired\":true,\"valueName\":\"search_term_string\"}}],\"inLanguage\":\"fr-FR\"},{\"@type\":\"Person\",\"@id\":\"https:\/\/blog.carpediese.fr\/#\/schema\/person\/b82adb6ace805a7222f76771fb96fa22\",\"name\":\"carpediese\",\"image\":{\"@type\":\"ImageObject\",\"inLanguage\":\"fr-FR\",\"@id\":\"https:\/\/blog.carpediese.fr\/#\/schema\/person\/image\/\",\"url\":\"https:\/\/secure.gravatar.com\/avatar\/f539abdacac3f33f110652dbdf5bc199?s=96&d=mm&r=g\",\"contentUrl\":\"https:\/\/secure.gravatar.com\/avatar\/f539abdacac3f33f110652dbdf5bc199?s=96&d=mm&r=g\",\"caption\":\"carpediese\"},\"url\":\"https:\/\/blog.carpediese.fr\/?author=1\"}]}<\/script>\n<!-- \/ Yoast SEO plugin. -->","yoast_head_json":{"title":"Le soleil, la plage, et votre guitare - Blog Carpe Di\u00e8se","description":"Dorian Chamoin, professeur de guitare \u00e0 Carpe Di\u00e8se, vous invite \u00e0 ses ateliers th\u00e9matiques cet \u00e9t\u00e9.","robots":{"index":"index","follow":"follow","max-snippet":"max-snippet:-1","max-image-preview":"max-image-preview:large","max-video-preview":"max-video-preview:-1"},"canonical":"https:\/\/blog.carpediese.fr\/?p=219","og_locale":"fr_FR","og_type":"article","og_title":"Le soleil, la plage, et votre guitare - Blog Carpe Di\u00e8se","og_description":"Dorian Chamoin, professeur de guitare \u00e0 Carpe Di\u00e8se, vous invite \u00e0 ses ateliers th\u00e9matiques cet \u00e9t\u00e9.","og_url":"https:\/\/blog.carpediese.fr\/?p=219","og_site_name":"Carpe Di\u00e8se","article_published_time":"2013-08-04T13:45:27+00:00","article_modified_time":"2014-09-18T10:22:50+00:00","og_image":[{"width":691,"height":1037,"url":"https:\/\/blog.carpediese.fr\/wp-content\/uploads\/2013\/09\/dorian-chamoin2.jpg","type":"image\/jpeg"}],"author":"carpediese","twitter_misc":{"\u00c9crit par":"carpediese","Dur\u00e9e de lecture estim\u00e9e":"1 minute"},"schema":{"@context":"https:\/\/schema.org","@graph":[{"@type":"WebPage","@id":"https:\/\/blog.carpediese.fr\/?p=219","url":"https:\/\/blog.carpediese.fr\/?p=219","name":"Le soleil, la plage, et votre guitare - Blog Carpe Di\u00e8se","isPartOf":{"@id":"https:\/\/blog.carpediese.fr\/#website"},"primaryImageOfPage":{"@id":"https:\/\/blog.carpediese.fr\/?p=219#primaryimage"},"image":{"@id":"https:\/\/blog.carpediese.fr\/?p=219#primaryimage"},"thumbnailUrl":"https:\/\/blog.carpediese.fr\/wp-content\/uploads\/2013\/09\/dorian-chamoin2.jpg","datePublished":"2013-08-04T13:45:27+00:00","dateModified":"2014-09-18T10:22:50+00:00","author":{"@id":"https:\/\/blog.carpediese.fr\/#\/schema\/person\/b82adb6ace805a7222f76771fb96fa22"},"description":"Dorian Chamoin, professeur de guitare \u00e0 Carpe Di\u00e8se, vous invite \u00e0 ses ateliers th\u00e9matiques cet \u00e9t\u00e9.","inLanguage":"fr-FR","potentialAction":[{"@type":"ReadAction","target":["https:\/\/blog.carpediese.fr\/?p=219"]}]},{"@type":"ImageObject","inLanguage":"fr-FR","@id":"https:\/\/blog.carpediese.fr\/?p=219#primaryimage","url":"https:\/\/blog.carpediese.fr\/wp-content\/uploads\/2013\/09\/dorian-chamoin2.jpg","contentUrl":"https:\/\/blog.carpediese.fr\/wp-content\/uploads\/2013\/09\/dorian-chamoin2.jpg","width":691,"height":1037},{"@type":"WebSite","@id":"https:\/\/blog.carpediese.fr\/#website","url":"https:\/\/blog.carpediese.fr\/","name":"Carpe Di\u00e8se","description":"Le blog de l&#039;\u00e9cole carpediese.fr","potentialAction":[{"@type":"SearchAction","target":{"@type":"EntryPoint","urlTemplate":"https:\/\/blog.carpediese.fr\/?s={search_term_string}"},"query-input":{"@type":"PropertyValueSpecification","valueRequired":true,"valueName":"search_term_string"}}],"inLanguage":"fr-FR"},{"@type":"Person","@id":"https:\/\/blog.carpediese.fr\/#\/schema\/person\/b82adb6ace805a7222f76771fb96fa22","name":"carpediese","image":{"@type":"ImageObject","inLanguage":"fr-FR","@id":"https:\/\/blog.carpediese.fr\/#\/schema\/person\/image\/","url":"https:\/\/secure.gravatar.com\/avatar\/f539abdacac3f33f110652dbdf5bc199?s=96&d=mm&r=g","contentUrl":"https:\/\/secure.gravatar.com\/avatar\/f539abdacac3f33f110652dbdf5bc199?s=96&d=mm&r=g","caption":"carpediese"},"url":"https:\/\/blog.carpediese.fr\/?author=1"}]}},"_links":{"self":[{"href":"https:\/\/blog.carpediese.fr\/index.php?rest_route=\/wp\/v2\/posts\/219","targetHints":{"allow":["GET"]}}],"collection":[{"href":"https:\/\/blog.carpediese.fr\/index.php?rest_route=\/wp\/v2\/posts"}],"about":[{"href":"https:\/\/blog.carpediese.fr\/index.php?rest_route=\/wp\/v2\/types\/post"}],"author":[{"embeddable":true,"href":"https:\/\/blog.carpediese.fr\/index.php?rest_route=\/wp\/v2\/users\/1"}],"replies":[{"embeddable":true,"href":"https:\/\/blog.carpediese.fr\/index.php?rest_route=%2Fwp%2Fv2%2Fcomments&post=219"}],"version-history":[{"count":4,"href":"https:\/\/blog.carpediese.fr\/index.php?rest_route=\/wp\/v2\/posts\/219\/revisions"}],"predecessor-version":[{"id":1390,"href":"https:\/\/blog.carpediese.fr\/index.php?rest_route=\/wp\/v2\/posts\/219\/revisions\/1390"}],"wp:featuredmedia":[{"embeddable":true,"href":"https:\/\/blog.carpediese.fr\/index.php?rest_route=\/wp\/v2\/media\/220"}],"wp:attachment":[{"href":"https:\/\/blog.carpediese.fr\/index.php?rest_route=%2Fwp%2Fv2%2Fmedia&parent=219"}],"wp:term":[{"taxonomy":"category","embeddable":true,"href":"https:\/\/blog.carpediese.fr\/index.php?rest_route=%2Fwp%2Fv2%2Fcategories&post=219"},{"taxonomy":"post_tag","embeddable":true,"href":"https:\/\/blog.carpediese.fr\/index.php?rest_route=%2Fwp%2Fv2%2Ftags&post=219"}],"curies":[{"name":"wp","href":"https:\/\/api.w.org\/{rel}","templated":true}]}}