{"id":226,"date":"2013-07-21T15:50:49","date_gmt":"2013-07-21T13:50:49","guid":{"rendered":"http:\/\/blog.carpediese.fr\/?p=226"},"modified":"2014-05-31T11:25:27","modified_gmt":"2014-05-31T10:25:27","slug":"226","status":"publish","type":"post","link":"https:\/\/blog.carpediese.fr\/?p=226","title":{"rendered":"Retour sur la f\u00eate de la musique du 21 juin 2013"},"content":{"rendered":"<h1>F\u00eate de la musique 2013 : Retour sur une soir\u00e9e\u00a0magique<\/h1>\n<h2>L&rsquo;acoustique festive de Mimi&amp;Dodo<\/h2>\n<p>L&rsquo;un, <a title=\"Dorian Chamoin, professeur de guitare chez Carpe Di\u00e8se\" href=\"http:\/\/carpediese.fr\/professeur\/guitare\/Dorian-Chamoin+1\" target=\"_blank\">Dorian, est professeur de guitare chez Carpe Di\u00e8se<\/a> depuis les d\u00e9buts.<\/p>\n<p>L&rsquo;autre, R\u00e9my, est le partenaire de toujours.<\/p>\n<p>Ensemble, ce vendredi 21 juin 2013, ils sont venus pour interpr\u00e9ter leur r\u00e9pertoire de reprises \u00e0 la mode acoustique et ont r\u00e9ussi leur pari : faire danser et chanter le public parisien.<\/p>\n<p><a title=\"Mimi&amp;Dodo - Blue Suede Shoes\" href=\"http:\/\/www.youtube.com\/watch?v=smNLtHq_cEY\" target=\"_blank\"><strong>Mimi&amp;Dodo &#8211; Blue Suede Shoes<\/strong><\/a><br \/>\n<object width=\"560\" height=\"315\" classid=\"clsid:d27cdb6e-ae6d-11cf-96b8-444553540000\" codebase=\"http:\/\/download.macromedia.com\/pub\/shockwave\/cabs\/flash\/swflash.cab#version=6,0,40,0\"><param name=\"allowFullScreen\" value=\"true\" \/><param name=\"allowscriptaccess\" value=\"always\" \/><param name=\"src\" value=\"\/\/www.youtube.com\/v\/smNLtHq_cEY?hl=fr_FR&amp;version=3\" \/><param name=\"allowfullscreen\" value=\"true\" \/><embed width=\"560\" height=\"315\" type=\"application\/x-shockwave-flash\" src=\"\/\/www.youtube.com\/v\/smNLtHq_cEY?hl=fr_FR&amp;version=3\" allowFullScreen=\"true\" allowscriptaccess=\"always\" allowfullscreen=\"true\" \/><\/object><\/p>\n<h2>La\u00a0pop envo\u00fbtante et \u00e9lectrique d&rsquo;Oslow<\/h2>\n<p>Si vous aimez la musique pop\/rock qui balance\u00a0entre\u00a0nostalgie, \u00e9nergie et\u00a0brutalit\u00e9 alors vous devriez aim\u00e9 Oslow. Le groupe form\u00e9 \u00e0 Dijon par 5 compagnons musicaux \u00e9cume depuis longtemps les tremplins et \u00a0belles salles de concert partout en France. Pour c\u00e9l\u00e9brer la sortie de leur nouvel EP, ils avaient d\u00e9cid\u00e9 de poser leur instrument avec nous durant quelques heures le soir du 21 juin.<\/p>\n<p>On regarde :<\/p>\n<p><a title=\"Oslow - Escape Your Thoughts\" href=\"http:\/\/www.youtube.com\/watch?v=M7CToG5USPg\" target=\"_blank\"><strong>Oslow &#8211; Escape Your Thoughts<\/strong><\/a><br \/>\n<object width=\"560\" height=\"315\" classid=\"clsid:d27cdb6e-ae6d-11cf-96b8-444553540000\" codebase=\"http:\/\/download.macromedia.com\/pub\/shockwave\/cabs\/flash\/swflash.cab#version=6,0,40,0\"><param name=\"allowFullScreen\" value=\"true\" \/><param name=\"allowscriptaccess\" value=\"always\" \/><param name=\"src\" value=\"\/\/www.youtube.com\/v\/M7CToG5USPg?hl=fr_FR&amp;version=3\" \/><param name=\"allowfullscreen\" value=\"true\" \/><embed width=\"560\" height=\"315\" type=\"application\/x-shockwave-flash\" src=\"\/\/www.youtube.com\/v\/M7CToG5USPg?hl=fr_FR&amp;version=3\" allowFullScreen=\"true\" allowscriptaccess=\"always\" allowfullscreen=\"true\" \/><\/object><\/p>\n<h2>Du jazz \u00e9clectique avec Christophe<\/h2>\n<p>Quoi Roger ?! Tu as oubli\u00e9 d&rsquo;allumer la cam\u00e9ra !! Les cartes SD \u00e9taient pleines !!<\/p>\n<p>On est vraiment triste car on ne peut pas vous montrer ce qu&rsquo;ont fait <a title=\"Christophe Heyraud, professeur de piano chez Carpe Di\u00e8se\" href=\"http:\/\/carpediese.fr\/professeur\/piano\/Christophe-Heyraud+7\" target=\"_blank\">Christophe Heyraud, professeur de piano chez Carpe Di\u00e8se<\/a> et son acolyte.. Pourtant,\u00a0ils ont envoy\u00e9\u00a0du jazz comme on l&rsquo;aime, du swing, du groove et de la musicalit\u00e9.. A charge de revanche !<\/p>\n<p><a href=\"http:\/\/blog.carpediese.fr\/wp-content\/uploads\/2013\/09\/Christophe-Heyraud-F\u00eate-de-la-musique-2013.jpg\"><img loading=\"lazy\" decoding=\"async\" class=\"alignnone size-medium wp-image-227\" src=\"http:\/\/blog.carpediese.fr\/wp-content\/uploads\/2013\/09\/Christophe-Heyraud-F\u00eate-de-la-musique-2013-300x200.jpg\" alt=\"Christophe Heyraud - F\u00eate de la musique 2013\" width=\"300\" height=\"200\" srcset=\"https:\/\/blog.carpediese.fr\/wp-content\/uploads\/2013\/09\/Christophe-Heyraud-F\u00eate-de-la-musique-2013-300x200.jpg 300w, https:\/\/blog.carpediese.fr\/wp-content\/uploads\/2013\/09\/Christophe-Heyraud-F\u00eate-de-la-musique-2013-1024x685.jpg 1024w, https:\/\/blog.carpediese.fr\/wp-content\/uploads\/2013\/09\/Christophe-Heyraud-F\u00eate-de-la-musique-2013.jpg 1162w\" sizes=\"auto, (max-width: 300px) 100vw, 300px\" \/><\/a><\/p>\n<p>&nbsp;<\/p>\n<h2>Merci \u00e0 Vision Vairon<\/h2>\n<p>Toute l\u2019\u00e9quipe Carpe Di\u00e8se remercie la production\u00a0<a title=\"Site Vision Vairon\" href=\"http:\/\/visionvairon.com\/\" target=\"_blank\">Vision Vairon<\/a>\u00a0pour la captation du concert et le montage des vid\u00e9os. Nous remercions \u00e9galement R\u00e9mi Bellot, qui a fait un travail formidable en tant qu\u2019ing\u00e9nieur du son lors du concert.<\/p>\n<p>Et bravo \u00e0 Alexandra, qui est mont\u00e9e sur sc\u00e8ne pour la 1re\u00a0fois (humm \u00e7a fait des frissons) !<\/p>\n<p>&nbsp;<\/p>\n<p>On vous retrouve l&rsquo;ann\u00e9e prochaine pour de nouvelles sensations musicales&#8230; To be continued&#8230;<\/p>\n","protected":false},"excerpt":{"rendered":"<p>F\u00eate de la musique 2013 : Retour sur une soir\u00e9e\u00a0magique L&rsquo;acoustique festive de Mimi&amp;Dodo L&rsquo;un, Dorian, est professeur de guitare chez Carpe Di\u00e8se depuis les d\u00e9buts. L&rsquo;autre, R\u00e9my, est le partenaire de toujours. Ensemble, ce vendredi 21 juin 2013, ils sont venus pour interpr\u00e9ter leur r\u00e9pertoire de reprises \u00e0 la mode acoustique et ont r\u00e9ussi leur pari : faire danser et chanter le public parisien. Mimi&amp;Dodo &#8211; Blue Suede Shoes La\u00a0pop envo\u00fbtante et \u00e9lectrique d&rsquo;Oslow Si vous aimez la musique pop\/rock qui balance\u00a0entre\u00a0nostalgie, \u00e9nergie et\u00a0brutalit\u00e9 alors vous devriez aim\u00e9 Oslow. Le groupe form\u00e9 \u00e0 Dijon par 5 compagnons musicaux \u00e9cume depuis longtemps les tremplins et \u00a0belles salles de concert partout en France. Pour c\u00e9l\u00e9brer la sortie de leur nouvel EP, ils avaient d\u00e9cid\u00e9 de poser leur instrument avec nous durant quelques heures le soir du 21 juin. On regarde : Oslow &#8211; Escape Your Thoughts Du jazz \u00e9clectique avec Christophe Quoi Roger ?! Tu as oubli\u00e9 d&rsquo;allumer la cam\u00e9ra !! Les cartes SD \u00e9taient pleines !! On est vraiment triste&#8230;<\/p>\n","protected":false},"author":1,"featured_media":230,"comment_status":"open","ping_status":"open","sticky":false,"template":"","format":"standard","meta":{"footnotes":""},"categories":[34],"tags":[61],"class_list":["post-226","post","type-post","status-publish","format-standard","has-post-thumbnail","hentry","category-actualites","tag-actualite-ecole"],"yoast_head":"<!-- This site is optimized with the Yoast SEO plugin v24.8.1 - https:\/\/yoast.com\/wordpress\/plugins\/seo\/ -->\n<title>Retour sur la f\u00eate de la musique du 21 juin 2013<\/title>\n<meta name=\"description\" content=\"Retrouvez les vid\u00e9os des concerts de la f\u00eate de la musique 2013 organis\u00e9 par Carpe Di\u00e8se en plein coeur de Paris\" \/>\n<meta name=\"robots\" content=\"index, follow, max-snippet:-1, max-image-preview:large, max-video-preview:-1\" \/>\n<link rel=\"canonical\" href=\"https:\/\/blog.carpediese.fr\/?p=226\" \/>\n<meta property=\"og:locale\" content=\"fr_FR\" \/>\n<meta property=\"og:type\" content=\"article\" \/>\n<meta property=\"og:title\" content=\"Retour sur la f\u00eate de la musique du 21 juin 2013\" \/>\n<meta property=\"og:description\" content=\"Retrouvez les vid\u00e9os des concerts de la f\u00eate de la musique 2013 organis\u00e9 par Carpe Di\u00e8se en plein coeur de Paris\" \/>\n<meta property=\"og:url\" content=\"https:\/\/blog.carpediese.fr\/?p=226\" \/>\n<meta property=\"og:site_name\" content=\"Carpe Di\u00e8se\" \/>\n<meta property=\"article:published_time\" content=\"2013-07-21T13:50:49+00:00\" \/>\n<meta property=\"article:modified_time\" content=\"2014-05-31T10:25:27+00:00\" \/>\n<meta property=\"og:image\" content=\"https:\/\/blog.carpediese.fr\/wp-content\/uploads\/2013\/09\/F\u00eate-de-la-musique-2013.jpg\" \/>\n\t<meta property=\"og:image:width\" content=\"1162\" \/>\n\t<meta property=\"og:image:height\" content=\"778\" \/>\n\t<meta property=\"og:image:type\" content=\"image\/jpeg\" \/>\n<meta name=\"author\" content=\"carpediese\" \/>\n<meta name=\"twitter:label1\" content=\"\u00c9crit par\" \/>\n\t<meta name=\"twitter:data1\" content=\"carpediese\" \/>\n\t<meta name=\"twitter:label2\" content=\"Dur\u00e9e de lecture estim\u00e9e\" \/>\n\t<meta name=\"twitter:data2\" content=\"2 minutes\" \/>\n<script type=\"application\/ld+json\" class=\"yoast-schema-graph\">{\"@context\":\"https:\/\/schema.org\",\"@graph\":[{\"@type\":\"WebPage\",\"@id\":\"https:\/\/blog.carpediese.fr\/?p=226\",\"url\":\"https:\/\/blog.carpediese.fr\/?p=226\",\"name\":\"Retour sur la f\u00eate de la musique du 21 juin 2013\",\"isPartOf\":{\"@id\":\"https:\/\/blog.carpediese.fr\/#website\"},\"primaryImageOfPage\":{\"@id\":\"https:\/\/blog.carpediese.fr\/?p=226#primaryimage\"},\"image\":{\"@id\":\"https:\/\/blog.carpediese.fr\/?p=226#primaryimage\"},\"thumbnailUrl\":\"https:\/\/blog.carpediese.fr\/wp-content\/uploads\/2013\/09\/F\u00eate-de-la-musique-2013.jpg\",\"datePublished\":\"2013-07-21T13:50:49+00:00\",\"dateModified\":\"2014-05-31T10:25:27+00:00\",\"author\":{\"@id\":\"https:\/\/blog.carpediese.fr\/#\/schema\/person\/b82adb6ace805a7222f76771fb96fa22\"},\"description\":\"Retrouvez les vid\u00e9os des concerts de la f\u00eate de la musique 2013 organis\u00e9 par Carpe Di\u00e8se en plein coeur de Paris\",\"inLanguage\":\"fr-FR\",\"potentialAction\":[{\"@type\":\"ReadAction\",\"target\":[\"https:\/\/blog.carpediese.fr\/?p=226\"]}]},{\"@type\":\"ImageObject\",\"inLanguage\":\"fr-FR\",\"@id\":\"https:\/\/blog.carpediese.fr\/?p=226#primaryimage\",\"url\":\"https:\/\/blog.carpediese.fr\/wp-content\/uploads\/2013\/09\/F\u00eate-de-la-musique-2013.jpg\",\"contentUrl\":\"https:\/\/blog.carpediese.fr\/wp-content\/uploads\/2013\/09\/F\u00eate-de-la-musique-2013.jpg\",\"width\":1162,\"height\":778},{\"@type\":\"WebSite\",\"@id\":\"https:\/\/blog.carpediese.fr\/#website\",\"url\":\"https:\/\/blog.carpediese.fr\/\",\"name\":\"Carpe Di\u00e8se\",\"description\":\"Le blog de l&#039;\u00e9cole carpediese.fr\",\"potentialAction\":[{\"@type\":\"SearchAction\",\"target\":{\"@type\":\"EntryPoint\",\"urlTemplate\":\"https:\/\/blog.carpediese.fr\/?s={search_term_string}\"},\"query-input\":{\"@type\":\"PropertyValueSpecification\",\"valueRequired\":true,\"valueName\":\"search_term_string\"}}],\"inLanguage\":\"fr-FR\"},{\"@type\":\"Person\",\"@id\":\"https:\/\/blog.carpediese.fr\/#\/schema\/person\/b82adb6ace805a7222f76771fb96fa22\",\"name\":\"carpediese\",\"image\":{\"@type\":\"ImageObject\",\"inLanguage\":\"fr-FR\",\"@id\":\"https:\/\/blog.carpediese.fr\/#\/schema\/person\/image\/\",\"url\":\"https:\/\/secure.gravatar.com\/avatar\/f539abdacac3f33f110652dbdf5bc199?s=96&d=mm&r=g\",\"contentUrl\":\"https:\/\/secure.gravatar.com\/avatar\/f539abdacac3f33f110652dbdf5bc199?s=96&d=mm&r=g\",\"caption\":\"carpediese\"},\"url\":\"https:\/\/blog.carpediese.fr\/?author=1\"}]}<\/script>\n<!-- \/ Yoast SEO plugin. -->","yoast_head_json":{"title":"Retour sur la f\u00eate de la musique du 21 juin 2013","description":"Retrouvez les vid\u00e9os des concerts de la f\u00eate de la musique 2013 organis\u00e9 par Carpe Di\u00e8se en plein coeur de Paris","robots":{"index":"index","follow":"follow","max-snippet":"max-snippet:-1","max-image-preview":"max-image-preview:large","max-video-preview":"max-video-preview:-1"},"canonical":"https:\/\/blog.carpediese.fr\/?p=226","og_locale":"fr_FR","og_type":"article","og_title":"Retour sur la f\u00eate de la musique du 21 juin 2013","og_description":"Retrouvez les vid\u00e9os des concerts de la f\u00eate de la musique 2013 organis\u00e9 par Carpe Di\u00e8se en plein coeur de Paris","og_url":"https:\/\/blog.carpediese.fr\/?p=226","og_site_name":"Carpe Di\u00e8se","article_published_time":"2013-07-21T13:50:49+00:00","article_modified_time":"2014-05-31T10:25:27+00:00","og_image":[{"width":1162,"height":778,"url":"https:\/\/blog.carpediese.fr\/wp-content\/uploads\/2013\/09\/F\u00eate-de-la-musique-2013.jpg","type":"image\/jpeg"}],"author":"carpediese","twitter_misc":{"\u00c9crit par":"carpediese","Dur\u00e9e de lecture estim\u00e9e":"2 minutes"},"schema":{"@context":"https:\/\/schema.org","@graph":[{"@type":"WebPage","@id":"https:\/\/blog.carpediese.fr\/?p=226","url":"https:\/\/blog.carpediese.fr\/?p=226","name":"Retour sur la f\u00eate de la musique du 21 juin 2013","isPartOf":{"@id":"https:\/\/blog.carpediese.fr\/#website"},"primaryImageOfPage":{"@id":"https:\/\/blog.carpediese.fr\/?p=226#primaryimage"},"image":{"@id":"https:\/\/blog.carpediese.fr\/?p=226#primaryimage"},"thumbnailUrl":"https:\/\/blog.carpediese.fr\/wp-content\/uploads\/2013\/09\/F\u00eate-de-la-musique-2013.jpg","datePublished":"2013-07-21T13:50:49+00:00","dateModified":"2014-05-31T10:25:27+00:00","author":{"@id":"https:\/\/blog.carpediese.fr\/#\/schema\/person\/b82adb6ace805a7222f76771fb96fa22"},"description":"Retrouvez les vid\u00e9os des concerts de la f\u00eate de la musique 2013 organis\u00e9 par Carpe Di\u00e8se en plein coeur de Paris","inLanguage":"fr-FR","potentialAction":[{"@type":"ReadAction","target":["https:\/\/blog.carpediese.fr\/?p=226"]}]},{"@type":"ImageObject","inLanguage":"fr-FR","@id":"https:\/\/blog.carpediese.fr\/?p=226#primaryimage","url":"https:\/\/blog.carpediese.fr\/wp-content\/uploads\/2013\/09\/F\u00eate-de-la-musique-2013.jpg","contentUrl":"https:\/\/blog.carpediese.fr\/wp-content\/uploads\/2013\/09\/F\u00eate-de-la-musique-2013.jpg","width":1162,"height":778},{"@type":"WebSite","@id":"https:\/\/blog.carpediese.fr\/#website","url":"https:\/\/blog.carpediese.fr\/","name":"Carpe Di\u00e8se","description":"Le blog de l&#039;\u00e9cole carpediese.fr","potentialAction":[{"@type":"SearchAction","target":{"@type":"EntryPoint","urlTemplate":"https:\/\/blog.carpediese.fr\/?s={search_term_string}"},"query-input":{"@type":"PropertyValueSpecification","valueRequired":true,"valueName":"search_term_string"}}],"inLanguage":"fr-FR"},{"@type":"Person","@id":"https:\/\/blog.carpediese.fr\/#\/schema\/person\/b82adb6ace805a7222f76771fb96fa22","name":"carpediese","image":{"@type":"ImageObject","inLanguage":"fr-FR","@id":"https:\/\/blog.carpediese.fr\/#\/schema\/person\/image\/","url":"https:\/\/secure.gravatar.com\/avatar\/f539abdacac3f33f110652dbdf5bc199?s=96&d=mm&r=g","contentUrl":"https:\/\/secure.gravatar.com\/avatar\/f539abdacac3f33f110652dbdf5bc199?s=96&d=mm&r=g","caption":"carpediese"},"url":"https:\/\/blog.carpediese.fr\/?author=1"}]}},"_links":{"self":[{"href":"https:\/\/blog.carpediese.fr\/index.php?rest_route=\/wp\/v2\/posts\/226","targetHints":{"allow":["GET"]}}],"collection":[{"href":"https:\/\/blog.carpediese.fr\/index.php?rest_route=\/wp\/v2\/posts"}],"about":[{"href":"https:\/\/blog.carpediese.fr\/index.php?rest_route=\/wp\/v2\/types\/post"}],"author":[{"embeddable":true,"href":"https:\/\/blog.carpediese.fr\/index.php?rest_route=\/wp\/v2\/users\/1"}],"replies":[{"embeddable":true,"href":"https:\/\/blog.carpediese.fr\/index.php?rest_route=%2Fwp%2Fv2%2Fcomments&post=226"}],"version-history":[{"count":6,"href":"https:\/\/blog.carpediese.fr\/index.php?rest_route=\/wp\/v2\/posts\/226\/revisions"}],"predecessor-version":[{"id":1223,"href":"https:\/\/blog.carpediese.fr\/index.php?rest_route=\/wp\/v2\/posts\/226\/revisions\/1223"}],"wp:featuredmedia":[{"embeddable":true,"href":"https:\/\/blog.carpediese.fr\/index.php?rest_route=\/wp\/v2\/media\/230"}],"wp:attachment":[{"href":"https:\/\/blog.carpediese.fr\/index.php?rest_route=%2Fwp%2Fv2%2Fmedia&parent=226"}],"wp:term":[{"taxonomy":"category","embeddable":true,"href":"https:\/\/blog.carpediese.fr\/index.php?rest_route=%2Fwp%2Fv2%2Fcategories&post=226"},{"taxonomy":"post_tag","embeddable":true,"href":"https:\/\/blog.carpediese.fr\/index.php?rest_route=%2Fwp%2Fv2%2Ftags&post=226"}],"curies":[{"name":"wp","href":"https:\/\/api.w.org\/{rel}","templated":true}]}}