{"id":239,"date":"2013-06-15T16:01:22","date_gmt":"2013-06-15T14:01:22","guid":{"rendered":"http:\/\/blog.carpediese.fr\/?p=239"},"modified":"2014-09-18T11:23:18","modified_gmt":"2014-09-18T10:23:18","slug":"presentation-fete-musique-2","status":"publish","type":"post","link":"https:\/\/blog.carpediese.fr\/?p=239","title":{"rendered":"Pr\u00e9sentation de la f\u00eate de la musique"},"content":{"rendered":"<h1>F\u00eate de la musique<\/h1>\n<p>Le 21 juin,\u00a0<a title=\"Site Carpe Di\u00e8se\" href=\"http:\/\/www.carpediese.fr\/\" target=\"_blank\">Carpe Di\u00e8se<\/a>\u00a0f\u00eatera sa musique \u00e0 la place Saint Andr\u00e9 des Arts et organisera pour l\u2019occasion un concert\u00a0avec l\u2019ensemble de ses professeurs. Une sc\u00e8ne sera d\u00e9di\u00e9e \u00e0 l\u2019\u00e9cole et ses professeurs artistes, qui seront accessibles\u00a0pour des rencontres privil\u00e9gi\u00e9es.<\/p>\n<p><strong>Lieu et programmation<\/strong><\/p>\n<p><a title=\"Vue Google Map\" href=\"https:\/\/maps.google.fr\/maps?q=place+saint+andr%C3%A9+des+arts&amp;um=1&amp;ie=UTF-8&amp;hl=fr&amp;sa=N&amp;tab=wl\" target=\"_blank\">Place Saint Andr\u00e9 des Arts<\/a>\u00a0&#8211; Arr\u00eat Saint Michel (ligne 4 ou RER B et C).<\/p>\n<p><strong>18h<\/strong>\u00a0Rencontre privil\u00e9gi\u00e9e avec les cofondateurs de Carpe Di\u00e8se et les professeurs (Guillaume Fankhauser,\u00a0Christophe Heyraud, Dorian Chamoin). L\u2019ensemble de l\u2019\u00e9quipe Carpe Di\u00e8se sera disponible et accessible pour\u00a0r\u00e9pondre \u00e0 toutes vos questions.<\/p>\n<p><strong>19h<\/strong>\u00a0\u00abChallenge \u00e9l\u00e8ves\u00bb, nos \u00e9l\u00e8ves monteront sur sc\u00e8ne pour vous montrer leur talent accompagn\u00e9 de leur\u00a0professeur respectif.<\/p>\n<p><strong>19h30<\/strong>\u00a0Duo piano\/trompette jazzy form\u00e9 par CHRISTOPHE HEYRAUD (professeur de piano ) et son compagnon\u00a0musical du quartet 4 In Fusion.<\/p>\n<p><strong>20h45<\/strong>\u00a0Dorian Chamoin, professeur de guitare, jouera avec son duo MIMI &amp; DODO pour une session rock et pop\u00a0o\u00f9 les classiques du genre seront retravaill\u00e9s avec talent et sensibilit\u00e9.<\/p>\n<p><strong>21h45<\/strong>\u00a0OSLOW, la sensation \u00e9lectro rock de la soir\u00e9e montera sur sc\u00e8ne. Apr\u00e8s avoir fait les 1\u00e8res parties de Shaka Ponk, Olivia Ruiz, No One Is Innocent ou encore Laurent Garnier, le groupe emmen\u00e9 par GUILLAUME FANKHAUSER,\u00a0professeur de chant et de guitare, d\u00e9ploiera sa musique \u00e9nergique et festive pour le plaisir de tous.<\/p>\n<p><strong>22h45<\/strong>\u00a0Tous nos professeurs se retrouveront sur sc\u00e8ne pour une jam session.<\/p>\n<p><strong>Bio des groupes<\/strong><\/p>\n<p><a title=\"Christophe Heyraud en concert\" href=\"http:\/\/www.youtube.com\/watch?v=L4S1GhdYcZg&amp;list=PLC0qiYQoxbMtECR6O6O3PiLd_mE-qUZkS&amp;index=3\" target=\"_blank\">CHRISTOPHE HEYRAUD DUO<\/a><\/p>\n<p><a href=\"http:\/\/blog.carpediese.fr\/wp-content\/uploads\/2013\/09\/Christophe-Heyraud.png\"><img loading=\"lazy\" decoding=\"async\" class=\"alignnone size-full wp-image-240\" src=\"http:\/\/blog.carpediese.fr\/wp-content\/uploads\/2013\/09\/Christophe-Heyraud.png\" alt=\"Christophe Heyraud\" width=\"291\" height=\"296\" \/><\/a><\/p>\n<p>Christophe Heyraud, professeur de piano, a suivi une formation de piano\u00a0classique. Curieux et attir\u00e9 par l\u2019improvisation, il s\u2019est vite tourn\u00e9 vers d\u2019autres\u00a0styles de musique tels que le jazz, la musique tzigane ou encore la musique sud\u00a0am\u00e9ricaine. L\u2019artiste se produit sur sc\u00e8ne sous plusieurs configurations, en solo,\u00a0ou en groupe de 2 \u00e0 7 musiciens.<\/p>\n<p><a title=\"Medley Mimi&amp;Dodo\" href=\"https:\/\/www.youtube.com\/watch?v=edFUHgOACh8\" target=\"_blank\">DORIAN CHAMOIN ET MIMI ET DODO<\/a><\/p>\n<p><a href=\"http:\/\/blog.carpediese.fr\/wp-content\/uploads\/2013\/09\/Mimi-et-Dodo.png\"><img loading=\"lazy\" decoding=\"async\" class=\"alignnone size-medium wp-image-241\" src=\"http:\/\/blog.carpediese.fr\/wp-content\/uploads\/2013\/09\/Mimi-et-Dodo-300x298.png\" alt=\"Mimi et Dodo\" width=\"300\" height=\"298\" srcset=\"https:\/\/blog.carpediese.fr\/wp-content\/uploads\/2013\/09\/Mimi-et-Dodo-300x298.png 300w, https:\/\/blog.carpediese.fr\/wp-content\/uploads\/2013\/09\/Mimi-et-Dodo-150x150.png 150w, https:\/\/blog.carpediese.fr\/wp-content\/uploads\/2013\/09\/Mimi-et-Dodo.png 643w\" sizes=\"auto, (max-width: 300px) 100vw, 300px\" \/><\/a><\/p>\n<p>Dorian Chamoin, professeur de guitare, a \u00e9tudi\u00e9 le jazz au conservatoire.\u00a0Passionn\u00e9 de musique, il s\u2019est form\u00e9 pendant 2 ans au violon, 10 ans au piano et\u00a015 ans \u00e0 la guitare, ce qui lui vaut aujourd\u2019hui son statut d\u2019artiste complet.<\/p>\n<p>Le duo Mimi&amp;Dodo a pris forme \u00e0 la Music Academy International de Nancy et\u00a0est le fruit d\u2019une rencontre entre deux amis. Compos\u00e9 de R\u00e9mi Fay (alias Mimi) et\u00a0de Dorian Chamoin (alias Dodo), le duo alliant batterie et guitare r\u00e9arrange \u00e0 sa\u00a0fa\u00e7on les classiques pop rock et les interpr\u00e8te avec sa sensibilit\u00e9.<\/p>\n<p><a title=\"Single Oslow &quot;Underway&quot;\" href=\"https:\/\/www.youtube.com\/watch?v=WSREC9Sebb0\" target=\"_blank\">GUILLAUME FANKHAUSER ET OSLOW<\/a><\/p>\n<p><a href=\"http:\/\/blog.carpediese.fr\/wp-content\/uploads\/2013\/09\/Guillaume-Fankhauser.png\"><img loading=\"lazy\" decoding=\"async\" class=\"alignnone size-medium wp-image-242\" src=\"http:\/\/blog.carpediese.fr\/wp-content\/uploads\/2013\/09\/Guillaume-Fankhauser-296x300.png\" alt=\"Guillaume Fankhauser\" width=\"296\" height=\"300\" srcset=\"https:\/\/blog.carpediese.fr\/wp-content\/uploads\/2013\/09\/Guillaume-Fankhauser-296x300.png 296w, https:\/\/blog.carpediese.fr\/wp-content\/uploads\/2013\/09\/Guillaume-Fankhauser.png 325w\" sizes=\"auto, (max-width: 296px) 100vw, 296px\" \/><\/a><\/p>\n<p>Guillaume Fankhauser, professeur de chant et de guitare, exerce\u00a0sa passion depuis l\u2019\u00e2ge de 15 ans. Il enseigne depuis plusieurs\u00a0ann\u00e9es dans un style pop rock. Il a fait parti de nombreux\u00a0groupe, le dernier en date \u00e9tant Oslow dont il est le chanteur\u00a0et guitariste.<\/p>\n<p>Oslow a \u00e9t\u00e9 fond\u00e9 il y a deux ans \u00e0 Dijon. Ce groupe est\u00a0constitu\u00e9 de Guillaume Fankhauser (Guitare, Chant), Yann ferry\u00a0(Basse, claviers, Choeurs) Jean-Baptiste Morange (Guitare),\u00a0Antoine Trapet (Machines, Claviers) et Christophe Jacquet\u00a0(Batterie). Il s\u2019est d\u00e9j\u00e0 produit aupr\u00e8s d\u2019artistes reconnus comme\u00a0Shaka Ponk, Skip The Use, No One Is Innocent, Laurent Garnier\u00a0ou Olivia Ruiz. M\u00e9langeant un style pop rock aux sonorit\u00e9s\u00a0\u00e9lectroniques, le groupe a sortie son dernier single<a title=\"Underway - Oslow\" href=\"https:\/\/www.youtube.com\/watch?v=WSREC9Sebb0\" target=\"_blank\">\u00ab\u00a0Underway\u00a0<\/a><a title=\"Underway - Oslow\" href=\"https:\/\/www.youtube.com\/watch?v=WSREC9Sebb0\" target=\"_blank\">\u00bb<\/a>\u00a0en mars dernier.<\/p>\n<p>Nous vous attendons en grand nombre, rejoignez le mouvement sur\u00a0<a title=\"F\u00eate de la musique - Carpe Di\u00e8se\" href=\"https:\/\/www.facebook.com\/events\/463225093762842\/\" target=\"_blank\">facebook et inscrivez vous \u00e0 l\u2019\u00e9v\u00e8nement<\/a>.<\/p>\n","protected":false},"excerpt":{"rendered":"<p>F\u00eate de la musique Le 21 juin,\u00a0Carpe Di\u00e8se\u00a0f\u00eatera sa musique \u00e0 la place Saint Andr\u00e9 des Arts et organisera pour l\u2019occasion un concert\u00a0avec l\u2019ensemble de ses professeurs. Une sc\u00e8ne sera d\u00e9di\u00e9e \u00e0 l\u2019\u00e9cole et ses professeurs artistes, qui seront accessibles\u00a0pour des rencontres privil\u00e9gi\u00e9es. Lieu et programmation Place Saint Andr\u00e9 des Arts\u00a0&#8211; Arr\u00eat Saint Michel (ligne 4 ou RER B et C). 18h\u00a0Rencontre privil\u00e9gi\u00e9e avec les cofondateurs de Carpe Di\u00e8se et les professeurs (Guillaume Fankhauser,\u00a0Christophe Heyraud, Dorian Chamoin). L\u2019ensemble de l\u2019\u00e9quipe Carpe Di\u00e8se sera disponible et accessible pour\u00a0r\u00e9pondre \u00e0 toutes vos questions. 19h\u00a0\u00abChallenge \u00e9l\u00e8ves\u00bb, nos \u00e9l\u00e8ves monteront sur sc\u00e8ne pour vous montrer leur talent accompagn\u00e9 de leur\u00a0professeur respectif. 19h30\u00a0Duo piano\/trompette jazzy form\u00e9 par CHRISTOPHE HEYRAUD (professeur de piano ) et son compagnon\u00a0musical du quartet 4 In Fusion. 20h45\u00a0Dorian Chamoin, professeur de guitare, jouera avec son duo MIMI &amp; DODO pour une session rock et pop\u00a0o\u00f9 les classiques du genre seront retravaill\u00e9s avec talent et sensibilit\u00e9. 21h45\u00a0OSLOW, la sensation \u00e9lectro rock de la soir\u00e9e montera sur sc\u00e8ne. Apr\u00e8s avoir fait les 1\u00e8res&#8230;<\/p>\n","protected":false},"author":1,"featured_media":243,"comment_status":"open","ping_status":"open","sticky":false,"template":"","format":"standard","meta":{"footnotes":""},"categories":[34],"tags":[61],"class_list":["post-239","post","type-post","status-publish","format-standard","has-post-thumbnail","hentry","category-actualites","tag-actualite-ecole"],"yoast_head":"<!-- This site is optimized with the Yoast SEO plugin v24.8.1 - https:\/\/yoast.com\/wordpress\/plugins\/seo\/ -->\n<title>Pr\u00e9sentation de la f\u00eate de la musique - Blog Carpe Di\u00e8se<\/title>\n<meta name=\"description\" content=\"Vous voulez tout savoir sur la f\u00eate de la musique? Pr\u00e9parez ce grand rendez-vous des musiciens avec Carpe Di\u00e8se.\" \/>\n<meta name=\"robots\" content=\"index, follow, max-snippet:-1, max-image-preview:large, max-video-preview:-1\" \/>\n<link rel=\"canonical\" href=\"https:\/\/blog.carpediese.fr\/?p=239\" \/>\n<meta property=\"og:locale\" content=\"fr_FR\" \/>\n<meta property=\"og:type\" content=\"article\" \/>\n<meta property=\"og:title\" content=\"Pr\u00e9sentation de la f\u00eate de la musique - Blog Carpe Di\u00e8se\" \/>\n<meta property=\"og:description\" content=\"Vous voulez tout savoir sur la f\u00eate de la musique? Pr\u00e9parez ce grand rendez-vous des musiciens avec Carpe Di\u00e8se.\" \/>\n<meta property=\"og:url\" content=\"https:\/\/blog.carpediese.fr\/?p=239\" \/>\n<meta property=\"og:site_name\" content=\"Carpe Di\u00e8se\" \/>\n<meta property=\"article:published_time\" content=\"2013-06-15T14:01:22+00:00\" \/>\n<meta property=\"article:modified_time\" content=\"2014-09-18T10:23:18+00:00\" \/>\n<meta property=\"og:image\" content=\"https:\/\/blog.carpediese.fr\/wp-content\/uploads\/2013\/09\/fdlm-facebook-ads.png\" \/>\n\t<meta property=\"og:image:width\" content=\"308\" \/>\n\t<meta property=\"og:image:height\" content=\"308\" \/>\n\t<meta property=\"og:image:type\" content=\"image\/png\" \/>\n<meta name=\"author\" content=\"carpediese\" \/>\n<meta name=\"twitter:label1\" content=\"\u00c9crit par\" \/>\n\t<meta name=\"twitter:data1\" content=\"carpediese\" \/>\n\t<meta name=\"twitter:label2\" content=\"Dur\u00e9e de lecture estim\u00e9e\" \/>\n\t<meta name=\"twitter:data2\" content=\"3 minutes\" \/>\n<script type=\"application\/ld+json\" class=\"yoast-schema-graph\">{\"@context\":\"https:\/\/schema.org\",\"@graph\":[{\"@type\":\"WebPage\",\"@id\":\"https:\/\/blog.carpediese.fr\/?p=239\",\"url\":\"https:\/\/blog.carpediese.fr\/?p=239\",\"name\":\"Pr\u00e9sentation de la f\u00eate de la musique - Blog Carpe Di\u00e8se\",\"isPartOf\":{\"@id\":\"https:\/\/blog.carpediese.fr\/#website\"},\"primaryImageOfPage\":{\"@id\":\"https:\/\/blog.carpediese.fr\/?p=239#primaryimage\"},\"image\":{\"@id\":\"https:\/\/blog.carpediese.fr\/?p=239#primaryimage\"},\"thumbnailUrl\":\"https:\/\/blog.carpediese.fr\/wp-content\/uploads\/2013\/09\/fdlm-facebook-ads.png\",\"datePublished\":\"2013-06-15T14:01:22+00:00\",\"dateModified\":\"2014-09-18T10:23:18+00:00\",\"author\":{\"@id\":\"https:\/\/blog.carpediese.fr\/#\/schema\/person\/b82adb6ace805a7222f76771fb96fa22\"},\"description\":\"Vous voulez tout savoir sur la f\u00eate de la musique? Pr\u00e9parez ce grand rendez-vous des musiciens avec Carpe Di\u00e8se.\",\"inLanguage\":\"fr-FR\",\"potentialAction\":[{\"@type\":\"ReadAction\",\"target\":[\"https:\/\/blog.carpediese.fr\/?p=239\"]}]},{\"@type\":\"ImageObject\",\"inLanguage\":\"fr-FR\",\"@id\":\"https:\/\/blog.carpediese.fr\/?p=239#primaryimage\",\"url\":\"https:\/\/blog.carpediese.fr\/wp-content\/uploads\/2013\/09\/fdlm-facebook-ads.png\",\"contentUrl\":\"https:\/\/blog.carpediese.fr\/wp-content\/uploads\/2013\/09\/fdlm-facebook-ads.png\",\"width\":308,\"height\":308},{\"@type\":\"WebSite\",\"@id\":\"https:\/\/blog.carpediese.fr\/#website\",\"url\":\"https:\/\/blog.carpediese.fr\/\",\"name\":\"Carpe Di\u00e8se\",\"description\":\"Le blog de l&#039;\u00e9cole carpediese.fr\",\"potentialAction\":[{\"@type\":\"SearchAction\",\"target\":{\"@type\":\"EntryPoint\",\"urlTemplate\":\"https:\/\/blog.carpediese.fr\/?s={search_term_string}\"},\"query-input\":{\"@type\":\"PropertyValueSpecification\",\"valueRequired\":true,\"valueName\":\"search_term_string\"}}],\"inLanguage\":\"fr-FR\"},{\"@type\":\"Person\",\"@id\":\"https:\/\/blog.carpediese.fr\/#\/schema\/person\/b82adb6ace805a7222f76771fb96fa22\",\"name\":\"carpediese\",\"image\":{\"@type\":\"ImageObject\",\"inLanguage\":\"fr-FR\",\"@id\":\"https:\/\/blog.carpediese.fr\/#\/schema\/person\/image\/\",\"url\":\"https:\/\/secure.gravatar.com\/avatar\/f539abdacac3f33f110652dbdf5bc199?s=96&d=mm&r=g\",\"contentUrl\":\"https:\/\/secure.gravatar.com\/avatar\/f539abdacac3f33f110652dbdf5bc199?s=96&d=mm&r=g\",\"caption\":\"carpediese\"},\"url\":\"https:\/\/blog.carpediese.fr\/?author=1\"}]}<\/script>\n<!-- \/ Yoast SEO plugin. -->","yoast_head_json":{"title":"Pr\u00e9sentation de la f\u00eate de la musique - Blog Carpe Di\u00e8se","description":"Vous voulez tout savoir sur la f\u00eate de la musique? Pr\u00e9parez ce grand rendez-vous des musiciens avec Carpe Di\u00e8se.","robots":{"index":"index","follow":"follow","max-snippet":"max-snippet:-1","max-image-preview":"max-image-preview:large","max-video-preview":"max-video-preview:-1"},"canonical":"https:\/\/blog.carpediese.fr\/?p=239","og_locale":"fr_FR","og_type":"article","og_title":"Pr\u00e9sentation de la f\u00eate de la musique - Blog Carpe Di\u00e8se","og_description":"Vous voulez tout savoir sur la f\u00eate de la musique? Pr\u00e9parez ce grand rendez-vous des musiciens avec Carpe Di\u00e8se.","og_url":"https:\/\/blog.carpediese.fr\/?p=239","og_site_name":"Carpe Di\u00e8se","article_published_time":"2013-06-15T14:01:22+00:00","article_modified_time":"2014-09-18T10:23:18+00:00","og_image":[{"width":308,"height":308,"url":"https:\/\/blog.carpediese.fr\/wp-content\/uploads\/2013\/09\/fdlm-facebook-ads.png","type":"image\/png"}],"author":"carpediese","twitter_misc":{"\u00c9crit par":"carpediese","Dur\u00e9e de lecture estim\u00e9e":"3 minutes"},"schema":{"@context":"https:\/\/schema.org","@graph":[{"@type":"WebPage","@id":"https:\/\/blog.carpediese.fr\/?p=239","url":"https:\/\/blog.carpediese.fr\/?p=239","name":"Pr\u00e9sentation de la f\u00eate de la musique - Blog Carpe Di\u00e8se","isPartOf":{"@id":"https:\/\/blog.carpediese.fr\/#website"},"primaryImageOfPage":{"@id":"https:\/\/blog.carpediese.fr\/?p=239#primaryimage"},"image":{"@id":"https:\/\/blog.carpediese.fr\/?p=239#primaryimage"},"thumbnailUrl":"https:\/\/blog.carpediese.fr\/wp-content\/uploads\/2013\/09\/fdlm-facebook-ads.png","datePublished":"2013-06-15T14:01:22+00:00","dateModified":"2014-09-18T10:23:18+00:00","author":{"@id":"https:\/\/blog.carpediese.fr\/#\/schema\/person\/b82adb6ace805a7222f76771fb96fa22"},"description":"Vous voulez tout savoir sur la f\u00eate de la musique? Pr\u00e9parez ce grand rendez-vous des musiciens avec Carpe Di\u00e8se.","inLanguage":"fr-FR","potentialAction":[{"@type":"ReadAction","target":["https:\/\/blog.carpediese.fr\/?p=239"]}]},{"@type":"ImageObject","inLanguage":"fr-FR","@id":"https:\/\/blog.carpediese.fr\/?p=239#primaryimage","url":"https:\/\/blog.carpediese.fr\/wp-content\/uploads\/2013\/09\/fdlm-facebook-ads.png","contentUrl":"https:\/\/blog.carpediese.fr\/wp-content\/uploads\/2013\/09\/fdlm-facebook-ads.png","width":308,"height":308},{"@type":"WebSite","@id":"https:\/\/blog.carpediese.fr\/#website","url":"https:\/\/blog.carpediese.fr\/","name":"Carpe Di\u00e8se","description":"Le blog de l&#039;\u00e9cole carpediese.fr","potentialAction":[{"@type":"SearchAction","target":{"@type":"EntryPoint","urlTemplate":"https:\/\/blog.carpediese.fr\/?s={search_term_string}"},"query-input":{"@type":"PropertyValueSpecification","valueRequired":true,"valueName":"search_term_string"}}],"inLanguage":"fr-FR"},{"@type":"Person","@id":"https:\/\/blog.carpediese.fr\/#\/schema\/person\/b82adb6ace805a7222f76771fb96fa22","name":"carpediese","image":{"@type":"ImageObject","inLanguage":"fr-FR","@id":"https:\/\/blog.carpediese.fr\/#\/schema\/person\/image\/","url":"https:\/\/secure.gravatar.com\/avatar\/f539abdacac3f33f110652dbdf5bc199?s=96&d=mm&r=g","contentUrl":"https:\/\/secure.gravatar.com\/avatar\/f539abdacac3f33f110652dbdf5bc199?s=96&d=mm&r=g","caption":"carpediese"},"url":"https:\/\/blog.carpediese.fr\/?author=1"}]}},"_links":{"self":[{"href":"https:\/\/blog.carpediese.fr\/index.php?rest_route=\/wp\/v2\/posts\/239","targetHints":{"allow":["GET"]}}],"collection":[{"href":"https:\/\/blog.carpediese.fr\/index.php?rest_route=\/wp\/v2\/posts"}],"about":[{"href":"https:\/\/blog.carpediese.fr\/index.php?rest_route=\/wp\/v2\/types\/post"}],"author":[{"embeddable":true,"href":"https:\/\/blog.carpediese.fr\/index.php?rest_route=\/wp\/v2\/users\/1"}],"replies":[{"embeddable":true,"href":"https:\/\/blog.carpediese.fr\/index.php?rest_route=%2Fwp%2Fv2%2Fcomments&post=239"}],"version-history":[{"count":3,"href":"https:\/\/blog.carpediese.fr\/index.php?rest_route=\/wp\/v2\/posts\/239\/revisions"}],"predecessor-version":[{"id":1393,"href":"https:\/\/blog.carpediese.fr\/index.php?rest_route=\/wp\/v2\/posts\/239\/revisions\/1393"}],"wp:featuredmedia":[{"embeddable":true,"href":"https:\/\/blog.carpediese.fr\/index.php?rest_route=\/wp\/v2\/media\/243"}],"wp:attachment":[{"href":"https:\/\/blog.carpediese.fr\/index.php?rest_route=%2Fwp%2Fv2%2Fmedia&parent=239"}],"wp:term":[{"taxonomy":"category","embeddable":true,"href":"https:\/\/blog.carpediese.fr\/index.php?rest_route=%2Fwp%2Fv2%2Fcategories&post=239"},{"taxonomy":"post_tag","embeddable":true,"href":"https:\/\/blog.carpediese.fr\/index.php?rest_route=%2Fwp%2Fv2%2Ftags&post=239"}],"curies":[{"name":"wp","href":"https:\/\/api.w.org\/{rel}","templated":true}]}}