{"id":245,"date":"2013-06-12T16:05:49","date_gmt":"2013-06-12T14:05:49","guid":{"rendered":"http:\/\/blog.carpediese.fr\/?p=245"},"modified":"2014-09-18T11:23:27","modified_gmt":"2014-09-18T10:23:27","slug":"atelier-decouvrir-technique-vocale","status":"publish","type":"post","link":"https:\/\/blog.carpediese.fr\/?p=245","title":{"rendered":"Un atelier pour d\u00e9couvrir la technique vocale"},"content":{"rendered":"<p><a href=\"http:\/\/blog.carpediese.fr\/wp-content\/uploads\/2013\/09\/Ga\u00ebl-Aubrit.jpg\"><img loading=\"lazy\" decoding=\"async\" class=\"alignnone size-medium wp-image-246\" src=\"http:\/\/blog.carpediese.fr\/wp-content\/uploads\/2013\/09\/Ga\u00ebl-Aubrit-276x300.jpg\" alt=\"Ga\u00ebl Aubrit\" width=\"276\" height=\"300\" srcset=\"https:\/\/blog.carpediese.fr\/wp-content\/uploads\/2013\/09\/Ga\u00ebl-Aubrit-276x300.jpg 276w, https:\/\/blog.carpediese.fr\/wp-content\/uploads\/2013\/09\/Ga\u00ebl-Aubrit.jpg 279w\" sizes=\"auto, (max-width: 276px) 100vw, 276px\" \/><\/a><\/p>\n<p><strong>Vous aimez chanter\u00a0? Vous voulez progresser\u00a0? Apprendre une technique particuli\u00e8re\u00a0?<\/strong><\/p>\n<p>Carpe Di\u00e8se organise un atelier exceptionnel les 24 juin et 1er\u00a0juillet avec Ga\u00ebl Aubrit, professionnel lyonnais reconnu de la technique vocale, qui vous transmettra son exp\u00e9rience en vous donnant des conseils pr\u00e9cis et adapt\u00e9s \u00e0 vos besoins. La bonne humeur constamment pr\u00e9sente chez Ga\u00ebl vous apportera toute la confiance qui vous est n\u00e9cessaire pour d\u00e9passer vos limites.<\/p>\n<p><strong>Pour les d\u00e9butants\u00a0ou les confirm\u00e9s\u00a0?<\/strong><\/p>\n<p>Cet atelier s\u2019adresse \u00e0 tous\u00a0! Il permettra aux d\u00e9butants de d\u00e9couvrir le chant et aux confirm\u00e9s de d\u00e9velopper tout leur potentiel. Durant cet atelier, les \u00e9l\u00e8ves aborderont le r\u00f4le de la t\u00eate, de la poitrine, de la tonicit\u00e9 profonde ainsi que d\u2019autres techniques essentielles au bon d\u00e9veloppement tels que les aspects rythmiques et harmoniques.<\/p>\n<p><strong>Pourquoi un cours collectif\u00a0?<\/strong><\/p>\n<p>Le chant est un art qui se partage\u00a0! Les ateliers de chant Carpe Di\u00e8se\u00a0sont ainsi dispens\u00e9s en petite classe qui comporte jusqu\u2019\u00e0 6 \u00e9l\u00e8ves. Ils sont fond\u00e9s sur les interactions privil\u00e9gi\u00e9es entre le professeur et ses \u00e9l\u00e8ves et aussi entre les \u00e9l\u00e8ves ce qui garantie une exp\u00e9rience d\u2019apprentissage ludique et conviviale.<\/p>\n<p><strong>Et la visioconf\u00e9rence dans tout \u00e7a\u00a0?<\/strong><\/p>\n<p>La visioconf\u00e9rence vous permet de prendre votre cours depuis chez vous et donc sans contraintes de d\u00e9placement. Finies les annulations de derni\u00e8res minutes, les retards et le temps perdu\u2026 Pour d\u00e9couvrir quel mat\u00e9riel utiliser, n\u2019h\u00e9sitez pas \u00e0 vous rendre sur notre page \u00ab\u00a0<a title=\"Mat\u00e9riel requis\" href=\"http:\/\/carpediese.fr\/materiel-requis-pour-apprendre-la-musique-par-webcam\" target=\"_blank\">Mat\u00e9riel requis<\/a>\u00a0\u00bb.<\/p>\n<p><strong>Infos pratiques<\/strong><\/p>\n<p>L\u2019atelier sera compos\u00e9 de 2 cours de 1h20 les 24 juin et 1er\u00a0juillet. Attention, les r\u00e9servations sont ouvertes jusqu\u2019au 23 juin seulement\u00a0!<\/p>\n<p>Pour r\u00e9server, RDV sur\u00a0<a title=\"Atelier Ga\u00ebl Aubrit\" href=\"http:\/\/carpediese.fr\/detail_session\/536\" target=\"_blank\">Carpe Di\u00e8se<\/a><\/p>\n<p>Contactez-nous si vous avez des questions \ud83d\ude42<\/p>\n","protected":false},"excerpt":{"rendered":"<p>Vous aimez chanter\u00a0? Vous voulez progresser\u00a0? Apprendre une technique particuli\u00e8re\u00a0? Carpe Di\u00e8se organise un atelier exceptionnel les 24 juin et 1er\u00a0juillet avec Ga\u00ebl Aubrit, professionnel lyonnais reconnu de la technique vocale, qui vous transmettra son exp\u00e9rience en vous donnant des conseils pr\u00e9cis et adapt\u00e9s \u00e0 vos besoins. La bonne humeur constamment pr\u00e9sente chez Ga\u00ebl vous apportera toute la confiance qui vous est n\u00e9cessaire pour d\u00e9passer vos limites. Pour les d\u00e9butants\u00a0ou les confirm\u00e9s\u00a0? Cet atelier s\u2019adresse \u00e0 tous\u00a0! Il permettra aux d\u00e9butants de d\u00e9couvrir le chant et aux confirm\u00e9s de d\u00e9velopper tout leur potentiel. Durant cet atelier, les \u00e9l\u00e8ves aborderont le r\u00f4le de la t\u00eate, de la poitrine, de la tonicit\u00e9 profonde ainsi que d\u2019autres techniques essentielles au bon d\u00e9veloppement tels que les aspects rythmiques et harmoniques. Pourquoi un cours collectif\u00a0? Le chant est un art qui se partage\u00a0! Les ateliers de chant Carpe Di\u00e8se\u00a0sont ainsi dispens\u00e9s en petite classe qui comporte jusqu\u2019\u00e0 6 \u00e9l\u00e8ves. Ils sont fond\u00e9s sur les interactions privil\u00e9gi\u00e9es entre le professeur et ses \u00e9l\u00e8ves et aussi entre&#8230;<\/p>\n","protected":false},"author":1,"featured_media":246,"comment_status":"open","ping_status":"open","sticky":false,"template":"","format":"standard","meta":{"footnotes":""},"categories":[34],"tags":[61,62,42],"class_list":["post-245","post","type-post","status-publish","format-standard","has-post-thumbnail","hentry","category-actualites","tag-actualite-ecole","tag-atelier-chant","tag-chant-2"],"yoast_head":"<!-- This site is optimized with the Yoast SEO plugin v24.8.1 - https:\/\/yoast.com\/wordpress\/plugins\/seo\/ -->\n<title>Un atelier pour d\u00e9couvrir la technique vocale - Blog Carpe Di\u00e8se<\/title>\n<meta name=\"description\" content=\"Un atelier pour d\u00e9couvrir la technique vocale - Blog Carpe Di\u00e8se\" \/>\n<meta name=\"robots\" content=\"index, follow, max-snippet:-1, max-image-preview:large, max-video-preview:-1\" \/>\n<link rel=\"canonical\" href=\"https:\/\/blog.carpediese.fr\/?p=245\" \/>\n<meta property=\"og:locale\" content=\"fr_FR\" \/>\n<meta property=\"og:type\" content=\"article\" \/>\n<meta property=\"og:title\" content=\"Un atelier pour d\u00e9couvrir la technique vocale - Blog Carpe Di\u00e8se\" \/>\n<meta property=\"og:description\" content=\"Un atelier pour d\u00e9couvrir la technique vocale - Blog Carpe Di\u00e8se\" \/>\n<meta property=\"og:url\" content=\"https:\/\/blog.carpediese.fr\/?p=245\" \/>\n<meta property=\"og:site_name\" content=\"Carpe Di\u00e8se\" \/>\n<meta property=\"article:published_time\" content=\"2013-06-12T14:05:49+00:00\" \/>\n<meta property=\"article:modified_time\" content=\"2014-09-18T10:23:27+00:00\" \/>\n<meta property=\"og:image\" content=\"https:\/\/blog.carpediese.fr\/wp-content\/uploads\/2013\/09\/Ga\u00ebl-Aubrit.jpg\" \/>\n\t<meta property=\"og:image:width\" content=\"279\" \/>\n\t<meta property=\"og:image:height\" content=\"303\" \/>\n\t<meta property=\"og:image:type\" content=\"image\/jpeg\" \/>\n<meta name=\"author\" content=\"carpediese\" \/>\n<meta name=\"twitter:label1\" content=\"\u00c9crit par\" \/>\n\t<meta name=\"twitter:data1\" content=\"carpediese\" \/>\n\t<meta name=\"twitter:label2\" content=\"Dur\u00e9e de lecture estim\u00e9e\" \/>\n\t<meta name=\"twitter:data2\" content=\"2 minutes\" \/>\n<script type=\"application\/ld+json\" class=\"yoast-schema-graph\">{\"@context\":\"https:\/\/schema.org\",\"@graph\":[{\"@type\":\"WebPage\",\"@id\":\"https:\/\/blog.carpediese.fr\/?p=245\",\"url\":\"https:\/\/blog.carpediese.fr\/?p=245\",\"name\":\"Un atelier pour d\u00e9couvrir la technique vocale - Blog Carpe Di\u00e8se\",\"isPartOf\":{\"@id\":\"https:\/\/blog.carpediese.fr\/#website\"},\"primaryImageOfPage\":{\"@id\":\"https:\/\/blog.carpediese.fr\/?p=245#primaryimage\"},\"image\":{\"@id\":\"https:\/\/blog.carpediese.fr\/?p=245#primaryimage\"},\"thumbnailUrl\":\"https:\/\/blog.carpediese.fr\/wp-content\/uploads\/2013\/09\/Ga\u00ebl-Aubrit.jpg\",\"datePublished\":\"2013-06-12T14:05:49+00:00\",\"dateModified\":\"2014-09-18T10:23:27+00:00\",\"author\":{\"@id\":\"https:\/\/blog.carpediese.fr\/#\/schema\/person\/b82adb6ace805a7222f76771fb96fa22\"},\"description\":\"Un atelier pour d\u00e9couvrir la technique vocale - Blog Carpe Di\u00e8se\",\"inLanguage\":\"fr-FR\",\"potentialAction\":[{\"@type\":\"ReadAction\",\"target\":[\"https:\/\/blog.carpediese.fr\/?p=245\"]}]},{\"@type\":\"ImageObject\",\"inLanguage\":\"fr-FR\",\"@id\":\"https:\/\/blog.carpediese.fr\/?p=245#primaryimage\",\"url\":\"https:\/\/blog.carpediese.fr\/wp-content\/uploads\/2013\/09\/Ga\u00ebl-Aubrit.jpg\",\"contentUrl\":\"https:\/\/blog.carpediese.fr\/wp-content\/uploads\/2013\/09\/Ga\u00ebl-Aubrit.jpg\",\"width\":279,\"height\":303},{\"@type\":\"WebSite\",\"@id\":\"https:\/\/blog.carpediese.fr\/#website\",\"url\":\"https:\/\/blog.carpediese.fr\/\",\"name\":\"Carpe Di\u00e8se\",\"description\":\"Le blog de l&#039;\u00e9cole carpediese.fr\",\"potentialAction\":[{\"@type\":\"SearchAction\",\"target\":{\"@type\":\"EntryPoint\",\"urlTemplate\":\"https:\/\/blog.carpediese.fr\/?s={search_term_string}\"},\"query-input\":{\"@type\":\"PropertyValueSpecification\",\"valueRequired\":true,\"valueName\":\"search_term_string\"}}],\"inLanguage\":\"fr-FR\"},{\"@type\":\"Person\",\"@id\":\"https:\/\/blog.carpediese.fr\/#\/schema\/person\/b82adb6ace805a7222f76771fb96fa22\",\"name\":\"carpediese\",\"image\":{\"@type\":\"ImageObject\",\"inLanguage\":\"fr-FR\",\"@id\":\"https:\/\/blog.carpediese.fr\/#\/schema\/person\/image\/\",\"url\":\"https:\/\/secure.gravatar.com\/avatar\/f539abdacac3f33f110652dbdf5bc199?s=96&d=mm&r=g\",\"contentUrl\":\"https:\/\/secure.gravatar.com\/avatar\/f539abdacac3f33f110652dbdf5bc199?s=96&d=mm&r=g\",\"caption\":\"carpediese\"},\"url\":\"https:\/\/blog.carpediese.fr\/?author=1\"}]}<\/script>\n<!-- \/ Yoast SEO plugin. -->","yoast_head_json":{"title":"Un atelier pour d\u00e9couvrir la technique vocale - Blog Carpe Di\u00e8se","description":"Un atelier pour d\u00e9couvrir la technique vocale - Blog Carpe Di\u00e8se","robots":{"index":"index","follow":"follow","max-snippet":"max-snippet:-1","max-image-preview":"max-image-preview:large","max-video-preview":"max-video-preview:-1"},"canonical":"https:\/\/blog.carpediese.fr\/?p=245","og_locale":"fr_FR","og_type":"article","og_title":"Un atelier pour d\u00e9couvrir la technique vocale - Blog Carpe Di\u00e8se","og_description":"Un atelier pour d\u00e9couvrir la technique vocale - Blog Carpe Di\u00e8se","og_url":"https:\/\/blog.carpediese.fr\/?p=245","og_site_name":"Carpe Di\u00e8se","article_published_time":"2013-06-12T14:05:49+00:00","article_modified_time":"2014-09-18T10:23:27+00:00","og_image":[{"width":279,"height":303,"url":"https:\/\/blog.carpediese.fr\/wp-content\/uploads\/2013\/09\/Ga\u00ebl-Aubrit.jpg","type":"image\/jpeg"}],"author":"carpediese","twitter_misc":{"\u00c9crit par":"carpediese","Dur\u00e9e de lecture estim\u00e9e":"2 minutes"},"schema":{"@context":"https:\/\/schema.org","@graph":[{"@type":"WebPage","@id":"https:\/\/blog.carpediese.fr\/?p=245","url":"https:\/\/blog.carpediese.fr\/?p=245","name":"Un atelier pour d\u00e9couvrir la technique vocale - Blog Carpe Di\u00e8se","isPartOf":{"@id":"https:\/\/blog.carpediese.fr\/#website"},"primaryImageOfPage":{"@id":"https:\/\/blog.carpediese.fr\/?p=245#primaryimage"},"image":{"@id":"https:\/\/blog.carpediese.fr\/?p=245#primaryimage"},"thumbnailUrl":"https:\/\/blog.carpediese.fr\/wp-content\/uploads\/2013\/09\/Ga\u00ebl-Aubrit.jpg","datePublished":"2013-06-12T14:05:49+00:00","dateModified":"2014-09-18T10:23:27+00:00","author":{"@id":"https:\/\/blog.carpediese.fr\/#\/schema\/person\/b82adb6ace805a7222f76771fb96fa22"},"description":"Un atelier pour d\u00e9couvrir la technique vocale - Blog Carpe Di\u00e8se","inLanguage":"fr-FR","potentialAction":[{"@type":"ReadAction","target":["https:\/\/blog.carpediese.fr\/?p=245"]}]},{"@type":"ImageObject","inLanguage":"fr-FR","@id":"https:\/\/blog.carpediese.fr\/?p=245#primaryimage","url":"https:\/\/blog.carpediese.fr\/wp-content\/uploads\/2013\/09\/Ga\u00ebl-Aubrit.jpg","contentUrl":"https:\/\/blog.carpediese.fr\/wp-content\/uploads\/2013\/09\/Ga\u00ebl-Aubrit.jpg","width":279,"height":303},{"@type":"WebSite","@id":"https:\/\/blog.carpediese.fr\/#website","url":"https:\/\/blog.carpediese.fr\/","name":"Carpe Di\u00e8se","description":"Le blog de l&#039;\u00e9cole carpediese.fr","potentialAction":[{"@type":"SearchAction","target":{"@type":"EntryPoint","urlTemplate":"https:\/\/blog.carpediese.fr\/?s={search_term_string}"},"query-input":{"@type":"PropertyValueSpecification","valueRequired":true,"valueName":"search_term_string"}}],"inLanguage":"fr-FR"},{"@type":"Person","@id":"https:\/\/blog.carpediese.fr\/#\/schema\/person\/b82adb6ace805a7222f76771fb96fa22","name":"carpediese","image":{"@type":"ImageObject","inLanguage":"fr-FR","@id":"https:\/\/blog.carpediese.fr\/#\/schema\/person\/image\/","url":"https:\/\/secure.gravatar.com\/avatar\/f539abdacac3f33f110652dbdf5bc199?s=96&d=mm&r=g","contentUrl":"https:\/\/secure.gravatar.com\/avatar\/f539abdacac3f33f110652dbdf5bc199?s=96&d=mm&r=g","caption":"carpediese"},"url":"https:\/\/blog.carpediese.fr\/?author=1"}]}},"_links":{"self":[{"href":"https:\/\/blog.carpediese.fr\/index.php?rest_route=\/wp\/v2\/posts\/245","targetHints":{"allow":["GET"]}}],"collection":[{"href":"https:\/\/blog.carpediese.fr\/index.php?rest_route=\/wp\/v2\/posts"}],"about":[{"href":"https:\/\/blog.carpediese.fr\/index.php?rest_route=\/wp\/v2\/types\/post"}],"author":[{"embeddable":true,"href":"https:\/\/blog.carpediese.fr\/index.php?rest_route=\/wp\/v2\/users\/1"}],"replies":[{"embeddable":true,"href":"https:\/\/blog.carpediese.fr\/index.php?rest_route=%2Fwp%2Fv2%2Fcomments&post=245"}],"version-history":[{"count":2,"href":"https:\/\/blog.carpediese.fr\/index.php?rest_route=\/wp\/v2\/posts\/245\/revisions"}],"predecessor-version":[{"id":1394,"href":"https:\/\/blog.carpediese.fr\/index.php?rest_route=\/wp\/v2\/posts\/245\/revisions\/1394"}],"wp:featuredmedia":[{"embeddable":true,"href":"https:\/\/blog.carpediese.fr\/index.php?rest_route=\/wp\/v2\/media\/246"}],"wp:attachment":[{"href":"https:\/\/blog.carpediese.fr\/index.php?rest_route=%2Fwp%2Fv2%2Fmedia&parent=245"}],"wp:term":[{"taxonomy":"category","embeddable":true,"href":"https:\/\/blog.carpediese.fr\/index.php?rest_route=%2Fwp%2Fv2%2Fcategories&post=245"},{"taxonomy":"post_tag","embeddable":true,"href":"https:\/\/blog.carpediese.fr\/index.php?rest_route=%2Fwp%2Fv2%2Ftags&post=245"}],"curies":[{"name":"wp","href":"https:\/\/api.w.org\/{rel}","templated":true}]}}