{"id":300,"date":"2013-01-25T16:56:24","date_gmt":"2013-01-25T14:56:24","guid":{"rendered":"http:\/\/blog.carpediese.fr\/?p=300"},"modified":"2014-04-08T11:30:30","modified_gmt":"2014-04-08T10:30:30","slug":"sortie-lalbum-dorian-chamoin-the-tree","status":"publish","type":"post","link":"https:\/\/blog.carpediese.fr\/?p=300","title":{"rendered":"Sortie de l\u2019album de Dorian Chamoin &#8211; The Tree"},"content":{"rendered":"<p>&nbsp;<\/p>\n<p>&nbsp;<\/p>\n<p>&nbsp;<\/p>\n<p>&nbsp;<\/p>\n<p>&nbsp;<\/p>\n<p>&nbsp;<\/p>\n<p>&nbsp;<\/p>\n<p><a title=\"T\u00e9l\u00e9chargement gratuit - The Tree\" href=\"https:\/\/rapidshare.com\/files\/1042441588\/Nemo-The%20Tree-2012.zip\" target=\"_blank\"><img decoding=\"async\" alt=\"image\" src=\"http:\/\/media.tumblr.com\/9e3d99e69d7b5fd2eebf61ff0288c584\/tumblr_inline_mhudgncPT21qz4rgp.jpg\" \/><\/a><\/p>\n<h1>Nouvel album de Dorian Chamoin<\/h1>\n<p>Tous les professeurs Carpe Di\u00e8se sont avant tout des artistes \u00e9m\u00e9rites et talentueux et\u00a0<strong>Dorian Chamoin<\/strong>, professeur de guitare chez Carpe Di\u00e8se, nous le prouve encore une fois avec la\u00a0<strong>sortie de son album<\/strong>\u00a0de musique classique:\u00a0<strong>The Tree<\/strong>.<\/p>\n<p>Cet album, enregistr\u00e9 l\u2019ann\u00e9e derni\u00e8re en studio pr\u00e8s de Dijon, m\u00eale les influences et revisite quelques grands classiques port\u00e9 par une belle note de douceur et toute la passion musicale de Dorian.<\/p>\n<p><img decoding=\"async\" alt=\"image\" src=\"http:\/\/media.tumblr.com\/20867f3cdf1690fe5f49cfefb27b2f68\/tumblr_inline_mhue5sIPW31qz4rgp.jpg\" \/><\/p>\n<p>Dorian est un v\u00e9ritable un artiste cam\u00e9l\u00e9on, capable de changer de style en conservant sa dext\u00e9rit\u00e9 et son feeling musical incroyable, capable de transmettre sa passion et son amour pour la musique \u00e0 tous ceux qui veulent bien tendre l\u2019oreille.<\/p>\n<p>L\u2019album The Tree est t\u00e9l\u00e9chargeable gratuitement en ligne:\u00a0<a href=\"https:\/\/rapidshare.com\/files\/1042441588\/Nemo-The%20Tree-2012.zip\" target=\"_blank\">https:\/\/rapidshare.com\/files\/1042441588\/Nemo-The%20Tree-2012.zip<\/a><\/p>\n<p style=\"text-align: center;\"><a title=\"Cours de musique par webcam sur Carpe Di\u00e8se\" href=\"https:\/\/carpediese.fr\/\" target=\"_blank\"><img loading=\"lazy\" decoding=\"async\" class=\"size-full shadow aligncenter\" src=\"https:\/\/blog.carpediese.fr\/wp-content\/uploads\/2023\/12\/promo-for-blog.png\" alt=\"Cours de musique par webcam sur Carpe Di\u00e8se\" width=\"480\" height=\"478\" \/><\/a><\/p>\n","protected":false},"excerpt":{"rendered":"<p>&nbsp; &nbsp; &nbsp; &nbsp; &nbsp; &nbsp; &nbsp; Nouvel album de Dorian Chamoin Tous les professeurs Carpe Di\u00e8se sont avant tout des artistes \u00e9m\u00e9rites et talentueux et\u00a0Dorian Chamoin, professeur de guitare chez Carpe Di\u00e8se, nous le prouve encore une fois avec la\u00a0sortie de son album\u00a0de musique classique:\u00a0The Tree. Cet album, enregistr\u00e9 l\u2019ann\u00e9e derni\u00e8re en studio pr\u00e8s de Dijon, m\u00eale les influences et revisite quelques grands classiques port\u00e9 par une belle note de douceur et toute la passion musicale de Dorian. Dorian est un v\u00e9ritable un artiste cam\u00e9l\u00e9on, capable de changer de style en conservant sa dext\u00e9rit\u00e9 et son feeling musical incroyable, capable de transmettre sa passion et son amour pour la musique \u00e0 tous ceux qui veulent bien tendre l\u2019oreille. L\u2019album The Tree est t\u00e9l\u00e9chargeable gratuitement en ligne:\u00a0https:\/\/rapidshare.com\/files\/1042441588\/Nemo-The%20Tree-2012.zip<\/p>\n","protected":false},"author":1,"featured_media":301,"comment_status":"open","ping_status":"open","sticky":false,"template":"","format":"standard","meta":{"footnotes":""},"categories":[34],"tags":[63],"class_list":["post-300","post","type-post","status-publish","format-standard","has-post-thumbnail","hentry","category-actualites","tag-actualite-professeur"],"yoast_head":"<!-- This site is optimized with the Yoast SEO plugin v24.8.1 - https:\/\/yoast.com\/wordpress\/plugins\/seo\/ -->\n<title>Sortie de l\u2019album de Dorian Chamoin - The Tree - Blog Carpe Di\u00e8se<\/title>\n<meta name=\"description\" content=\"Dorian Chamoin, professeur chez Carpe Di\u00e8se, sort son nouvel album intitul\u00e9 The Tree\" \/>\n<meta name=\"robots\" content=\"index, follow, max-snippet:-1, max-image-preview:large, max-video-preview:-1\" \/>\n<link rel=\"canonical\" href=\"https:\/\/blog.carpediese.fr\/?p=300\" \/>\n<meta property=\"og:locale\" content=\"fr_FR\" \/>\n<meta property=\"og:type\" content=\"article\" \/>\n<meta property=\"og:title\" content=\"Sortie de l\u2019album de Dorian Chamoin - The Tree - Blog Carpe Di\u00e8se\" \/>\n<meta property=\"og:description\" content=\"Dorian Chamoin, professeur chez Carpe Di\u00e8se, sort son nouvel album intitul\u00e9 The Tree\" \/>\n<meta property=\"og:url\" content=\"https:\/\/blog.carpediese.fr\/?p=300\" \/>\n<meta property=\"og:site_name\" content=\"Carpe Di\u00e8se\" \/>\n<meta property=\"article:published_time\" content=\"2013-01-25T14:56:24+00:00\" \/>\n<meta property=\"article:modified_time\" content=\"2014-04-08T10:30:30+00:00\" \/>\n<meta property=\"og:image\" content=\"https:\/\/blog.carpediese.fr\/wp-content\/uploads\/2013\/09\/tumblr_inline_mhudgncPT21qz4rgp.jpg\" \/>\n\t<meta property=\"og:image:width\" content=\"500\" \/>\n\t<meta property=\"og:image:height\" content=\"500\" \/>\n\t<meta property=\"og:image:type\" content=\"image\/jpeg\" \/>\n<meta name=\"author\" content=\"carpediese\" \/>\n<meta name=\"twitter:label1\" content=\"\u00c9crit par\" \/>\n\t<meta name=\"twitter:data1\" content=\"carpediese\" \/>\n\t<meta name=\"twitter:label2\" content=\"Dur\u00e9e de lecture estim\u00e9e\" \/>\n\t<meta name=\"twitter:data2\" content=\"1 minute\" \/>\n<script type=\"application\/ld+json\" class=\"yoast-schema-graph\">{\"@context\":\"https:\/\/schema.org\",\"@graph\":[{\"@type\":\"WebPage\",\"@id\":\"https:\/\/blog.carpediese.fr\/?p=300\",\"url\":\"https:\/\/blog.carpediese.fr\/?p=300\",\"name\":\"Sortie de l\u2019album de Dorian Chamoin - The Tree - Blog Carpe Di\u00e8se\",\"isPartOf\":{\"@id\":\"https:\/\/blog.carpediese.fr\/#website\"},\"primaryImageOfPage\":{\"@id\":\"https:\/\/blog.carpediese.fr\/?p=300#primaryimage\"},\"image\":{\"@id\":\"https:\/\/blog.carpediese.fr\/?p=300#primaryimage\"},\"thumbnailUrl\":\"https:\/\/blog.carpediese.fr\/wp-content\/uploads\/2013\/09\/tumblr_inline_mhudgncPT21qz4rgp.jpg\",\"datePublished\":\"2013-01-25T14:56:24+00:00\",\"dateModified\":\"2014-04-08T10:30:30+00:00\",\"author\":{\"@id\":\"https:\/\/blog.carpediese.fr\/#\/schema\/person\/b82adb6ace805a7222f76771fb96fa22\"},\"description\":\"Dorian Chamoin, professeur chez Carpe Di\u00e8se, sort son nouvel album intitul\u00e9 The Tree\",\"inLanguage\":\"fr-FR\",\"potentialAction\":[{\"@type\":\"ReadAction\",\"target\":[\"https:\/\/blog.carpediese.fr\/?p=300\"]}]},{\"@type\":\"ImageObject\",\"inLanguage\":\"fr-FR\",\"@id\":\"https:\/\/blog.carpediese.fr\/?p=300#primaryimage\",\"url\":\"https:\/\/blog.carpediese.fr\/wp-content\/uploads\/2013\/09\/tumblr_inline_mhudgncPT21qz4rgp.jpg\",\"contentUrl\":\"https:\/\/blog.carpediese.fr\/wp-content\/uploads\/2013\/09\/tumblr_inline_mhudgncPT21qz4rgp.jpg\",\"width\":500,\"height\":500},{\"@type\":\"WebSite\",\"@id\":\"https:\/\/blog.carpediese.fr\/#website\",\"url\":\"https:\/\/blog.carpediese.fr\/\",\"name\":\"Carpe Di\u00e8se\",\"description\":\"Le blog de l&#039;\u00e9cole carpediese.fr\",\"potentialAction\":[{\"@type\":\"SearchAction\",\"target\":{\"@type\":\"EntryPoint\",\"urlTemplate\":\"https:\/\/blog.carpediese.fr\/?s={search_term_string}\"},\"query-input\":{\"@type\":\"PropertyValueSpecification\",\"valueRequired\":true,\"valueName\":\"search_term_string\"}}],\"inLanguage\":\"fr-FR\"},{\"@type\":\"Person\",\"@id\":\"https:\/\/blog.carpediese.fr\/#\/schema\/person\/b82adb6ace805a7222f76771fb96fa22\",\"name\":\"carpediese\",\"image\":{\"@type\":\"ImageObject\",\"inLanguage\":\"fr-FR\",\"@id\":\"https:\/\/blog.carpediese.fr\/#\/schema\/person\/image\/\",\"url\":\"https:\/\/secure.gravatar.com\/avatar\/f539abdacac3f33f110652dbdf5bc199?s=96&d=mm&r=g\",\"contentUrl\":\"https:\/\/secure.gravatar.com\/avatar\/f539abdacac3f33f110652dbdf5bc199?s=96&d=mm&r=g\",\"caption\":\"carpediese\"},\"url\":\"https:\/\/blog.carpediese.fr\/?author=1\"}]}<\/script>\n<!-- \/ Yoast SEO plugin. -->","yoast_head_json":{"title":"Sortie de l\u2019album de Dorian Chamoin - The Tree - Blog Carpe Di\u00e8se","description":"Dorian Chamoin, professeur chez Carpe Di\u00e8se, sort son nouvel album intitul\u00e9 The Tree","robots":{"index":"index","follow":"follow","max-snippet":"max-snippet:-1","max-image-preview":"max-image-preview:large","max-video-preview":"max-video-preview:-1"},"canonical":"https:\/\/blog.carpediese.fr\/?p=300","og_locale":"fr_FR","og_type":"article","og_title":"Sortie de l\u2019album de Dorian Chamoin - The Tree - Blog Carpe Di\u00e8se","og_description":"Dorian Chamoin, professeur chez Carpe Di\u00e8se, sort son nouvel album intitul\u00e9 The Tree","og_url":"https:\/\/blog.carpediese.fr\/?p=300","og_site_name":"Carpe Di\u00e8se","article_published_time":"2013-01-25T14:56:24+00:00","article_modified_time":"2014-04-08T10:30:30+00:00","og_image":[{"width":500,"height":500,"url":"https:\/\/blog.carpediese.fr\/wp-content\/uploads\/2013\/09\/tumblr_inline_mhudgncPT21qz4rgp.jpg","type":"image\/jpeg"}],"author":"carpediese","twitter_misc":{"\u00c9crit par":"carpediese","Dur\u00e9e de lecture estim\u00e9e":"1 minute"},"schema":{"@context":"https:\/\/schema.org","@graph":[{"@type":"WebPage","@id":"https:\/\/blog.carpediese.fr\/?p=300","url":"https:\/\/blog.carpediese.fr\/?p=300","name":"Sortie de l\u2019album de Dorian Chamoin - The Tree - Blog Carpe Di\u00e8se","isPartOf":{"@id":"https:\/\/blog.carpediese.fr\/#website"},"primaryImageOfPage":{"@id":"https:\/\/blog.carpediese.fr\/?p=300#primaryimage"},"image":{"@id":"https:\/\/blog.carpediese.fr\/?p=300#primaryimage"},"thumbnailUrl":"https:\/\/blog.carpediese.fr\/wp-content\/uploads\/2013\/09\/tumblr_inline_mhudgncPT21qz4rgp.jpg","datePublished":"2013-01-25T14:56:24+00:00","dateModified":"2014-04-08T10:30:30+00:00","author":{"@id":"https:\/\/blog.carpediese.fr\/#\/schema\/person\/b82adb6ace805a7222f76771fb96fa22"},"description":"Dorian Chamoin, professeur chez Carpe Di\u00e8se, sort son nouvel album intitul\u00e9 The Tree","inLanguage":"fr-FR","potentialAction":[{"@type":"ReadAction","target":["https:\/\/blog.carpediese.fr\/?p=300"]}]},{"@type":"ImageObject","inLanguage":"fr-FR","@id":"https:\/\/blog.carpediese.fr\/?p=300#primaryimage","url":"https:\/\/blog.carpediese.fr\/wp-content\/uploads\/2013\/09\/tumblr_inline_mhudgncPT21qz4rgp.jpg","contentUrl":"https:\/\/blog.carpediese.fr\/wp-content\/uploads\/2013\/09\/tumblr_inline_mhudgncPT21qz4rgp.jpg","width":500,"height":500},{"@type":"WebSite","@id":"https:\/\/blog.carpediese.fr\/#website","url":"https:\/\/blog.carpediese.fr\/","name":"Carpe Di\u00e8se","description":"Le blog de l&#039;\u00e9cole carpediese.fr","potentialAction":[{"@type":"SearchAction","target":{"@type":"EntryPoint","urlTemplate":"https:\/\/blog.carpediese.fr\/?s={search_term_string}"},"query-input":{"@type":"PropertyValueSpecification","valueRequired":true,"valueName":"search_term_string"}}],"inLanguage":"fr-FR"},{"@type":"Person","@id":"https:\/\/blog.carpediese.fr\/#\/schema\/person\/b82adb6ace805a7222f76771fb96fa22","name":"carpediese","image":{"@type":"ImageObject","inLanguage":"fr-FR","@id":"https:\/\/blog.carpediese.fr\/#\/schema\/person\/image\/","url":"https:\/\/secure.gravatar.com\/avatar\/f539abdacac3f33f110652dbdf5bc199?s=96&d=mm&r=g","contentUrl":"https:\/\/secure.gravatar.com\/avatar\/f539abdacac3f33f110652dbdf5bc199?s=96&d=mm&r=g","caption":"carpediese"},"url":"https:\/\/blog.carpediese.fr\/?author=1"}]}},"_links":{"self":[{"href":"https:\/\/blog.carpediese.fr\/index.php?rest_route=\/wp\/v2\/posts\/300","targetHints":{"allow":["GET"]}}],"collection":[{"href":"https:\/\/blog.carpediese.fr\/index.php?rest_route=\/wp\/v2\/posts"}],"about":[{"href":"https:\/\/blog.carpediese.fr\/index.php?rest_route=\/wp\/v2\/types\/post"}],"author":[{"embeddable":true,"href":"https:\/\/blog.carpediese.fr\/index.php?rest_route=\/wp\/v2\/users\/1"}],"replies":[{"embeddable":true,"href":"https:\/\/blog.carpediese.fr\/index.php?rest_route=%2Fwp%2Fv2%2Fcomments&post=300"}],"version-history":[{"count":4,"href":"https:\/\/blog.carpediese.fr\/index.php?rest_route=\/wp\/v2\/posts\/300\/revisions"}],"predecessor-version":[{"id":1050,"href":"https:\/\/blog.carpediese.fr\/index.php?rest_route=\/wp\/v2\/posts\/300\/revisions\/1050"}],"wp:featuredmedia":[{"embeddable":true,"href":"https:\/\/blog.carpediese.fr\/index.php?rest_route=\/wp\/v2\/media\/301"}],"wp:attachment":[{"href":"https:\/\/blog.carpediese.fr\/index.php?rest_route=%2Fwp%2Fv2%2Fmedia&parent=300"}],"wp:term":[{"taxonomy":"category","embeddable":true,"href":"https:\/\/blog.carpediese.fr\/index.php?rest_route=%2Fwp%2Fv2%2Fcategories&post=300"},{"taxonomy":"post_tag","embeddable":true,"href":"https:\/\/blog.carpediese.fr\/index.php?rest_route=%2Fwp%2Fv2%2Ftags&post=300"}],"curies":[{"name":"wp","href":"https:\/\/api.w.org\/{rel}","templated":true}]}}