{"id":335,"date":"2013-09-13T16:47:02","date_gmt":"2013-09-13T14:47:02","guid":{"rendered":"http:\/\/blog.carpediese.fr\/?p=335"},"modified":"2014-06-06T15:08:37","modified_gmt":"2014-06-06T14:08:37","slug":"bien-soigner-ses-cordes-vocales-2","status":"publish","type":"post","link":"https:\/\/blog.carpediese.fr\/?p=335","title":{"rendered":"Cours de chant: Bien soigner ses cordes vocales"},"content":{"rendered":"<h1 style=\"text-align: justify;\" align=\"center\">Soigner ses cordes vocales<\/h1>\n<p style=\"text-align: justify;\" align=\"center\">Cela vous est arriv\u00e9 \u00e0 tous ! A sortir sans \u00e9charpe un samedi soir et crier debout sur les tables apr\u00e8s avoir ingurgit\u00e9 plusieurs shots qui raclent la gorge, vous arrivez le lundi matin au bureau avec la m\u00eame voix qu\u2019aurait Jeanne Moreau si elle se mettait \u00e0 imiter Dark Vador\u2026 Il ne vous reste alors plus qu\u2019\u00e0 \u00e9couter les remarques moqueuses de vos coll\u00e8gues sans parvenir \u00e0 y r\u00e9pondre de fa\u00e7on audible et \u00e0 rentrer chez vous vous faire une bonne tisane au miel comme vous l\u2019a conseill\u00e9 votre grand-m\u00e8re\u2026 Et elle a bien raison\u00a0!<\/p>\n<p style=\"text-align: justify;\">Nous vous proposons ici quelques conseils pour retrouver rapidement votre voix en <strong>soignant vos cordes vocales<\/strong> au quotidien.<\/p>\n<h2 style=\"text-align: justify;\">Reposer sa voix<\/h2>\n<p style=\"text-align: justify;\">Mieux vaut pr\u00e9venir que gu\u00e9rir, et pour \u00e9viter d\u2019avoir la voix cass\u00e9e, prenez soin de votre gorge. Pensez \u00e0 prot\u00e9ger votre cou en hiver et \u00e9conomisez votre voix quand vous n\u2019en avez pas imp\u00e9rativement besoin, les cordes vocales ont en effet besoin de moments de d\u00e9tente dans la journ\u00e9e (et puis \u00e7a vous \u00e9vitera de dire trop de b\u00eatises). Ne parlez pas trop fort le soir, surtout si vous avez beaucoup forc\u00e9 votre voix dans la journ\u00e9e.<\/p>\n<p style=\"text-align: justify;\">De fa\u00e7on g\u00e9n\u00e9rale, \u00eatre calme et repos\u00e9 contribue aussi \u00e0 d\u00e9tendre votre voix et \u00e0 ne pas crisper les muscles du cou. Si vous \u00eates fatigu\u00e9, votre voix manquera de tonus. Et est-il besoin de pr\u00e9ciser que fumer et boire n\u2019aidera pas vraiment au repos de vos cordes vocales\u00a0?<\/p>\n<h2 style=\"text-align: justify;\"><\/h2>\n<h2 style=\"text-align: justify;\">Veiller \u00e0 son alimentation<\/h2>\n<p style=\"text-align: justify;\">Evitez de manger trop acide ou trop \u00e9pic\u00e9.<\/p>\n<p style=\"text-align: justify;\">Les boissons chaudes comme les tisanes sont \u00e0 pr\u00e9f\u00e9r\u00e9es aux boissons froides gazeuses qui favorisent l\u2019acidit\u00e9 gastrique et sont riches en sucre. M\u00e9langer du miel \u00e0 vos th\u00e9s ou manger des yaourts permet aussi de relaxer vos cordes vocales.<\/p>\n<p style=\"text-align: justify;\">Il para\u00eet d\u2019ailleurs que les tasses Carpe Di\u00e8se sont particuli\u00e8rement propices au r\u00e9tablissement de votre voix, il para\u00eet\u2026 !<\/p>\n<p><a href=\"http:\/\/blog.carpediese.fr\/wp-content\/uploads\/2013\/09\/Comment-utiliser-son-mug-C.png\"><img loading=\"lazy\" decoding=\"async\" class=\"size-medium wp-image-340 aligncenter\" src=\"http:\/\/blog.carpediese.fr\/wp-content\/uploads\/2013\/09\/Comment-utiliser-son-mug-C-300x270.png\" alt=\"alimentation-saine\" width=\"300\" height=\"270\" srcset=\"https:\/\/blog.carpediese.fr\/wp-content\/uploads\/2013\/09\/Comment-utiliser-son-mug-C-300x270.png 300w, https:\/\/blog.carpediese.fr\/wp-content\/uploads\/2013\/09\/Comment-utiliser-son-mug-C.png 511w\" sizes=\"auto, (max-width: 300px) 100vw, 300px\" \/><\/a><\/p>\n<h2 style=\"text-align: justify;\">Les sp\u00e9cialistes de la voix<\/h2>\n<p style=\"text-align: justify;\">\u2022 L\u2019ORL est le sp\u00e9cialiste des troubles des oreilles, du nez et de la gorge. Le phoniatre est le sp\u00e9cialiste de la voix, de la parole, et de l\u2019articulation.<\/p>\n<p style=\"text-align: justify;\">Ces deux m\u00e9decins peuvent examiner et traiter vos troubles par voie m\u00e9dicamenteuses, orthophonique ou encore chirurgicale.<\/p>\n<p style=\"text-align: justify;\">\u2022\u00a0Vous pouvez avoir recours \u00e0 un orthophoniste (uniquement sur prescription des deux sp\u00e9cialistes pr\u00e9c\u00e9dents), il peut vous aider \u00e0 r\u00e9\u00e9duquer votre voix suite \u00e0 des troubles de l\u2019articulation ou du langage.<\/p>\n<p style=\"text-align: justify;\">\u2022\u00a0L\u2019endocrinologue peut r\u00e9aliser des bilans hormonaux de la thyro\u00efde.<\/p>\n<p style=\"text-align: justify;\">Ne jamais forcer sur sa voix et \u00eatre attentif aux signes de malmenage vocaux permet tout simplement de prendre soin de son outil d\u2019expression, qu\u2019il faut savoir pr\u00e9server \u00e0 tout \u00e2ge. Dans le cas o\u00f9 vous pratiquez le chant, <strong>soigner ses cordes vocales<\/strong> mais aussi faire un bon \u00e9chauffement vocal est essentiel. Vous pouvez d\u2019ailleurs retrouver nos conseils sur <strong><span style=\"text-decoration: underline;\"><a title=\"Exercices d'\u00e9chauffement de la voix - Blog Carpe Di\u00e8se\" href=\"http:\/\/blog.carpediese.fr\/?p=337\">les exercices d\u2019\u00e9chauffement vocal<\/a><\/span><\/strong><b>.<\/b><\/p>\n<p style=\"text-align: center;\"><a title=\"Cours de musique par webcam sur Carpe Di\u00e8se\" href=\"https:\/\/carpediese.fr\/\" target=\"_blank\"><img loading=\"lazy\" decoding=\"async\" class=\"size-full shadow aligncenter\" src=\"https:\/\/blog.carpediese.fr\/wp-content\/uploads\/2023\/12\/promo-for-blog.png\" alt=\"Cours de musique par webcam sur Carpe Di\u00e8se\" width=\"480\" height=\"478\" \/><\/a><\/p>\n","protected":false},"excerpt":{"rendered":"<p>Soigner ses cordes vocales Cela vous est arriv\u00e9 \u00e0 tous ! A sortir sans \u00e9charpe un samedi soir et crier debout sur les tables apr\u00e8s avoir ingurgit\u00e9 plusieurs shots qui raclent la gorge, vous arrivez le lundi matin au bureau avec la m\u00eame voix qu\u2019aurait Jeanne Moreau si elle se mettait \u00e0 imiter Dark Vador\u2026 Il ne vous reste alors plus qu\u2019\u00e0 \u00e9couter les remarques moqueuses de vos coll\u00e8gues sans parvenir \u00e0 y r\u00e9pondre de fa\u00e7on audible et \u00e0 rentrer chez vous vous faire une bonne tisane au miel comme vous l\u2019a conseill\u00e9 votre grand-m\u00e8re\u2026 Et elle a bien raison\u00a0! Nous vous proposons ici quelques conseils pour retrouver rapidement votre voix en soignant vos cordes vocales au quotidien. Reposer sa voix Mieux vaut pr\u00e9venir que gu\u00e9rir, et pour \u00e9viter d\u2019avoir la voix cass\u00e9e, prenez soin de votre gorge. Pensez \u00e0 prot\u00e9ger votre cou en hiver et \u00e9conomisez votre voix quand vous n\u2019en avez pas imp\u00e9rativement besoin, les cordes vocales ont en effet besoin de moments de d\u00e9tente dans la journ\u00e9e&#8230;<\/p>\n","protected":false},"author":1,"featured_media":339,"comment_status":"open","ping_status":"open","sticky":false,"template":"","format":"standard","meta":{"footnotes":""},"categories":[14],"tags":[42,55],"class_list":["post-335","post","type-post","status-publish","format-standard","has-post-thumbnail","hentry","category-cours-chant-debutant","tag-chant-2","tag-entretien-voix"],"yoast_head":"<!-- This site is optimized with the Yoast SEO plugin v24.8.1 - https:\/\/yoast.com\/wordpress\/plugins\/seo\/ -->\n<title>Cours de chant: Bien soigner ses cordes vocales - Blog Carpe Di\u00e8se<\/title>\n<meta name=\"description\" content=\"Il n&#039;y a pas de secret pour soigner ses cordes vocales; du repos, une alimentation sp\u00e9cifique, et les conseils de certains sp\u00e9cialistes de la voix.\" \/>\n<meta name=\"robots\" content=\"index, follow, max-snippet:-1, max-image-preview:large, max-video-preview:-1\" \/>\n<link rel=\"canonical\" href=\"https:\/\/blog.carpediese.fr\/?p=335\" \/>\n<meta property=\"og:locale\" content=\"fr_FR\" \/>\n<meta property=\"og:type\" content=\"article\" \/>\n<meta property=\"og:title\" content=\"Cours de chant: Bien soigner ses cordes vocales - Blog Carpe Di\u00e8se\" \/>\n<meta property=\"og:description\" content=\"Il n&#039;y a pas de secret pour soigner ses cordes vocales; du repos, une alimentation sp\u00e9cifique, et les conseils de certains sp\u00e9cialistes de la voix.\" \/>\n<meta property=\"og:url\" content=\"https:\/\/blog.carpediese.fr\/?p=335\" \/>\n<meta property=\"og:site_name\" content=\"Carpe Di\u00e8se\" \/>\n<meta property=\"article:published_time\" content=\"2013-09-13T14:47:02+00:00\" \/>\n<meta property=\"article:modified_time\" content=\"2014-06-06T14:08:37+00:00\" \/>\n<meta property=\"og:image\" content=\"https:\/\/blog.carpediese.fr\/wp-content\/uploads\/2013\/09\/voix.jpg\" \/>\n\t<meta property=\"og:image:width\" content=\"400\" \/>\n\t<meta property=\"og:image:height\" content=\"300\" \/>\n\t<meta property=\"og:image:type\" content=\"image\/jpeg\" \/>\n<meta name=\"author\" content=\"carpediese\" \/>\n<meta name=\"twitter:label1\" content=\"\u00c9crit par\" \/>\n\t<meta name=\"twitter:data1\" content=\"carpediese\" \/>\n\t<meta name=\"twitter:label2\" content=\"Dur\u00e9e de lecture estim\u00e9e\" \/>\n\t<meta name=\"twitter:data2\" content=\"3 minutes\" \/>\n<script type=\"application\/ld+json\" class=\"yoast-schema-graph\">{\"@context\":\"https:\/\/schema.org\",\"@graph\":[{\"@type\":\"WebPage\",\"@id\":\"https:\/\/blog.carpediese.fr\/?p=335\",\"url\":\"https:\/\/blog.carpediese.fr\/?p=335\",\"name\":\"Cours de chant: Bien soigner ses cordes vocales - Blog Carpe Di\u00e8se\",\"isPartOf\":{\"@id\":\"https:\/\/blog.carpediese.fr\/#website\"},\"primaryImageOfPage\":{\"@id\":\"https:\/\/blog.carpediese.fr\/?p=335#primaryimage\"},\"image\":{\"@id\":\"https:\/\/blog.carpediese.fr\/?p=335#primaryimage\"},\"thumbnailUrl\":\"https:\/\/blog.carpediese.fr\/wp-content\/uploads\/2013\/09\/voix.jpg\",\"datePublished\":\"2013-09-13T14:47:02+00:00\",\"dateModified\":\"2014-06-06T14:08:37+00:00\",\"author\":{\"@id\":\"https:\/\/blog.carpediese.fr\/#\/schema\/person\/b82adb6ace805a7222f76771fb96fa22\"},\"description\":\"Il n'y a pas de secret pour soigner ses cordes vocales; du repos, une alimentation sp\u00e9cifique, et les conseils de certains sp\u00e9cialistes de la voix.\",\"inLanguage\":\"fr-FR\",\"potentialAction\":[{\"@type\":\"ReadAction\",\"target\":[\"https:\/\/blog.carpediese.fr\/?p=335\"]}]},{\"@type\":\"ImageObject\",\"inLanguage\":\"fr-FR\",\"@id\":\"https:\/\/blog.carpediese.fr\/?p=335#primaryimage\",\"url\":\"https:\/\/blog.carpediese.fr\/wp-content\/uploads\/2013\/09\/voix.jpg\",\"contentUrl\":\"https:\/\/blog.carpediese.fr\/wp-content\/uploads\/2013\/09\/voix.jpg\",\"width\":400,\"height\":300},{\"@type\":\"WebSite\",\"@id\":\"https:\/\/blog.carpediese.fr\/#website\",\"url\":\"https:\/\/blog.carpediese.fr\/\",\"name\":\"Carpe Di\u00e8se\",\"description\":\"Le blog de l&#039;\u00e9cole carpediese.fr\",\"potentialAction\":[{\"@type\":\"SearchAction\",\"target\":{\"@type\":\"EntryPoint\",\"urlTemplate\":\"https:\/\/blog.carpediese.fr\/?s={search_term_string}\"},\"query-input\":{\"@type\":\"PropertyValueSpecification\",\"valueRequired\":true,\"valueName\":\"search_term_string\"}}],\"inLanguage\":\"fr-FR\"},{\"@type\":\"Person\",\"@id\":\"https:\/\/blog.carpediese.fr\/#\/schema\/person\/b82adb6ace805a7222f76771fb96fa22\",\"name\":\"carpediese\",\"image\":{\"@type\":\"ImageObject\",\"inLanguage\":\"fr-FR\",\"@id\":\"https:\/\/blog.carpediese.fr\/#\/schema\/person\/image\/\",\"url\":\"https:\/\/secure.gravatar.com\/avatar\/f539abdacac3f33f110652dbdf5bc199?s=96&d=mm&r=g\",\"contentUrl\":\"https:\/\/secure.gravatar.com\/avatar\/f539abdacac3f33f110652dbdf5bc199?s=96&d=mm&r=g\",\"caption\":\"carpediese\"},\"url\":\"https:\/\/blog.carpediese.fr\/?author=1\"}]}<\/script>\n<!-- \/ Yoast SEO plugin. -->","yoast_head_json":{"title":"Cours de chant: Bien soigner ses cordes vocales - Blog Carpe Di\u00e8se","description":"Il n'y a pas de secret pour soigner ses cordes vocales; du repos, une alimentation sp\u00e9cifique, et les conseils de certains sp\u00e9cialistes de la voix.","robots":{"index":"index","follow":"follow","max-snippet":"max-snippet:-1","max-image-preview":"max-image-preview:large","max-video-preview":"max-video-preview:-1"},"canonical":"https:\/\/blog.carpediese.fr\/?p=335","og_locale":"fr_FR","og_type":"article","og_title":"Cours de chant: Bien soigner ses cordes vocales - Blog Carpe Di\u00e8se","og_description":"Il n'y a pas de secret pour soigner ses cordes vocales; du repos, une alimentation sp\u00e9cifique, et les conseils de certains sp\u00e9cialistes de la voix.","og_url":"https:\/\/blog.carpediese.fr\/?p=335","og_site_name":"Carpe Di\u00e8se","article_published_time":"2013-09-13T14:47:02+00:00","article_modified_time":"2014-06-06T14:08:37+00:00","og_image":[{"width":400,"height":300,"url":"https:\/\/blog.carpediese.fr\/wp-content\/uploads\/2013\/09\/voix.jpg","type":"image\/jpeg"}],"author":"carpediese","twitter_misc":{"\u00c9crit par":"carpediese","Dur\u00e9e de lecture estim\u00e9e":"3 minutes"},"schema":{"@context":"https:\/\/schema.org","@graph":[{"@type":"WebPage","@id":"https:\/\/blog.carpediese.fr\/?p=335","url":"https:\/\/blog.carpediese.fr\/?p=335","name":"Cours de chant: Bien soigner ses cordes vocales - Blog Carpe Di\u00e8se","isPartOf":{"@id":"https:\/\/blog.carpediese.fr\/#website"},"primaryImageOfPage":{"@id":"https:\/\/blog.carpediese.fr\/?p=335#primaryimage"},"image":{"@id":"https:\/\/blog.carpediese.fr\/?p=335#primaryimage"},"thumbnailUrl":"https:\/\/blog.carpediese.fr\/wp-content\/uploads\/2013\/09\/voix.jpg","datePublished":"2013-09-13T14:47:02+00:00","dateModified":"2014-06-06T14:08:37+00:00","author":{"@id":"https:\/\/blog.carpediese.fr\/#\/schema\/person\/b82adb6ace805a7222f76771fb96fa22"},"description":"Il n'y a pas de secret pour soigner ses cordes vocales; du repos, une alimentation sp\u00e9cifique, et les conseils de certains sp\u00e9cialistes de la voix.","inLanguage":"fr-FR","potentialAction":[{"@type":"ReadAction","target":["https:\/\/blog.carpediese.fr\/?p=335"]}]},{"@type":"ImageObject","inLanguage":"fr-FR","@id":"https:\/\/blog.carpediese.fr\/?p=335#primaryimage","url":"https:\/\/blog.carpediese.fr\/wp-content\/uploads\/2013\/09\/voix.jpg","contentUrl":"https:\/\/blog.carpediese.fr\/wp-content\/uploads\/2013\/09\/voix.jpg","width":400,"height":300},{"@type":"WebSite","@id":"https:\/\/blog.carpediese.fr\/#website","url":"https:\/\/blog.carpediese.fr\/","name":"Carpe Di\u00e8se","description":"Le blog de l&#039;\u00e9cole carpediese.fr","potentialAction":[{"@type":"SearchAction","target":{"@type":"EntryPoint","urlTemplate":"https:\/\/blog.carpediese.fr\/?s={search_term_string}"},"query-input":{"@type":"PropertyValueSpecification","valueRequired":true,"valueName":"search_term_string"}}],"inLanguage":"fr-FR"},{"@type":"Person","@id":"https:\/\/blog.carpediese.fr\/#\/schema\/person\/b82adb6ace805a7222f76771fb96fa22","name":"carpediese","image":{"@type":"ImageObject","inLanguage":"fr-FR","@id":"https:\/\/blog.carpediese.fr\/#\/schema\/person\/image\/","url":"https:\/\/secure.gravatar.com\/avatar\/f539abdacac3f33f110652dbdf5bc199?s=96&d=mm&r=g","contentUrl":"https:\/\/secure.gravatar.com\/avatar\/f539abdacac3f33f110652dbdf5bc199?s=96&d=mm&r=g","caption":"carpediese"},"url":"https:\/\/blog.carpediese.fr\/?author=1"}]}},"_links":{"self":[{"href":"https:\/\/blog.carpediese.fr\/index.php?rest_route=\/wp\/v2\/posts\/335","targetHints":{"allow":["GET"]}}],"collection":[{"href":"https:\/\/blog.carpediese.fr\/index.php?rest_route=\/wp\/v2\/posts"}],"about":[{"href":"https:\/\/blog.carpediese.fr\/index.php?rest_route=\/wp\/v2\/types\/post"}],"author":[{"embeddable":true,"href":"https:\/\/blog.carpediese.fr\/index.php?rest_route=\/wp\/v2\/users\/1"}],"replies":[{"embeddable":true,"href":"https:\/\/blog.carpediese.fr\/index.php?rest_route=%2Fwp%2Fv2%2Fcomments&post=335"}],"version-history":[{"count":14,"href":"https:\/\/blog.carpediese.fr\/index.php?rest_route=\/wp\/v2\/posts\/335\/revisions"}],"predecessor-version":[{"id":1309,"href":"https:\/\/blog.carpediese.fr\/index.php?rest_route=\/wp\/v2\/posts\/335\/revisions\/1309"}],"wp:featuredmedia":[{"embeddable":true,"href":"https:\/\/blog.carpediese.fr\/index.php?rest_route=\/wp\/v2\/media\/339"}],"wp:attachment":[{"href":"https:\/\/blog.carpediese.fr\/index.php?rest_route=%2Fwp%2Fv2%2Fmedia&parent=335"}],"wp:term":[{"taxonomy":"category","embeddable":true,"href":"https:\/\/blog.carpediese.fr\/index.php?rest_route=%2Fwp%2Fv2%2Fcategories&post=335"},{"taxonomy":"post_tag","embeddable":true,"href":"https:\/\/blog.carpediese.fr\/index.php?rest_route=%2Fwp%2Fv2%2Ftags&post=335"}],"curies":[{"name":"wp","href":"https:\/\/api.w.org\/{rel}","templated":true}]}}